{"id":7443,"date":"2021-02-23T09:30:52","date_gmt":"2021-02-23T08:30:52","guid":{"rendered":"http:\/\/www.livrescq.com\/livrescq\/?p=7443"},"modified":"2021-03-14T14:45:21","modified_gmt":"2021-03-14T13:45:21","slug":"le-poete-americain-lawrence-ferlinghetti-nest-plus","status":"publish","type":"post","link":"https:\/\/www.livrescq.com\/livrescq\/le-poete-americain-lawrence-ferlinghetti-nest-plus\/","title":{"rendered":"Le po\u00e8te am\u00e9ricain Lawrence Ferlinghetti n\u2019est plus."},"content":{"rendered":"<p><img loading=\"lazy\" decoding=\"async\" class=\"alignright size-medium wp-image-7444\" src=\"http:\/\/www.livrescq.com\/livrescq\/wp-content\/uploads\/2021\/02\/Lawrence-ferlinghetti-by-elsa-dorfman_cropped-211x300.jpg\" alt=\"Lawrence-ferlinghetti-by-elsa-dorfman_(cropped)\" width=\"211\" height=\"300\" srcset=\"https:\/\/www.livrescq.com\/livrescq\/wp-content\/uploads\/2021\/02\/Lawrence-ferlinghetti-by-elsa-dorfman_cropped-211x300.jpg 211w, https:\/\/www.livrescq.com\/livrescq\/wp-content\/uploads\/2021\/02\/Lawrence-ferlinghetti-by-elsa-dorfman_cropped.jpg 433w\" sizes=\"auto, (max-width: 211px) 100vw, 211px\" \/>Lawrence Ferlinghetti, po\u00e8te am\u00e9ricain majeur du 20e si\u00e8cle est mort lundi 22 f\u00e9vrier \u00e0 l&rsquo;\u00e2ge de 101 ans dans sa maison de San Francisco, a annonc\u00e9 sa librairie.<\/p>\n<p>Il a laiss\u00e9 des ouvrages, mais aussi des pr\u00e9cieuses citations\u00a0parmi lesquelles : \u00ab\u00a0La po\u00e9sie doit \u00eatre un tambourinement rebelle \u00e0 la porte de l&rsquo;inconnu.\u00a0\u00bb\u00a0; \u00ab\u00a0La po\u00e9sie est la voix de la quatri\u00e8me personne du singulier.\u00a0\u00bb\u00a0;\u00a0\u00ab\u00a0La po\u00e9sie est le soleil qui ruisselle \u00e0 travers les mailles du matin.\u00a0\u00bb<\/p>\n<p>Voici les grandes dates de la vie de cet homme de lettres, libraire et \u00e9diteur de la Beat Generation, un des mouvements litt\u00e9raires et culturels les plus novateurs du 20e si\u00e8cle:<\/p>\n<p>&#8211; 24 mars 1919 : na\u00eet \u00e0 Yonkers dans l&rsquo;Etat de New York. Il passe une partie de son enfance en France, aupr\u00e8s de sa tante. Il repartira aux Etats-Unis avant de revenir en France o\u00f9 il obtiendra un doctorat \u00e0 la Sorbonne apr\u00e8s la guerre.<\/p>\n<p>&#8211; 1941 : s&rsquo;engage dans la Navy. Participe au d\u00e9barquement de Normandie. Se retrouve \u00e0 Nagasaki, en 1945, apr\u00e8s l&rsquo;explosion nucl\u00e9aire.<\/p>\n<p>&#8211; 1953 : ouvre \u00e0 San Francisco sa librairie underground, City Lights.<\/p>\n<p>&#8211; 1955 : City Lights se double d&rsquo;une maison d&rsquo;\u00e9dition qui publiera les t\u00e9nors de la Beat Generation.<\/p>\n<p>&#8211; 1957 : arr\u00eat\u00e9 et jug\u00e9 pour obsc\u00e9nit\u00e9 pour avoir \u00e9dit\u00e9 l&rsquo;un des grands livres du mouvement, \u00ab\u00a0Howl\u00a0\u00bb d&rsquo;Allen Ginsberg. Il est acquitt\u00e9.<\/p>\n<p>&#8211; 1958 : publie \u00ab\u00a0A Coney Island of the Mind\u00a0\u00bb, recueil de po\u00e9sie vendu \u00e0 plus d&rsquo;un million d&rsquo;exemplaires. Il a \u00e9crit plusieurs autres recueils.<\/p>\n<p>&#8211; 1972 : publie le premier recueil de nouvelles de Charles Bukowski.<\/p>\n<p>&#8211; 2015 : parution de ses carnets de route 1960-2010, \u00abWriting across the landscape\u00bb. Traduits en 2019 en France sous le titre \u00ab\u00a0La vie vagabonde\u00a0\u00bb.<\/p>\n","protected":false},"excerpt":{"rendered":"<p>Lawrence Ferlinghetti, po\u00e8te am\u00e9ricain majeur du 20e si\u00e8cle est mort lundi 22 f\u00e9vrier \u00e0 l&rsquo;\u00e2ge de 101 ans dans sa maison de San Francisco, a annonc\u00e9 sa [&hellip;]<\/p>\n","protected":false},"author":1,"featured_media":0,"comment_status":"open","ping_status":"open","sticky":false,"template":"","format":"standard","meta":{"_monsterinsights_skip_tracking":false,"_monsterinsights_sitenote_active":false,"_monsterinsights_sitenote_note":"","_monsterinsights_sitenote_category":0,"footnotes":"","jetpack_publicize_message":"","jetpack_is_tweetstorm":false,"jetpack_publicize_feature_enabled":true},"categories":[1,117,6,195],"tags":[],"class_list":["post-7443","post","type-post","status-publish","format-standard","hentry","category-une","category-actuel","category-litterature-hors-frontieres","category-n-55"],"jetpack_publicize_connections":[],"jetpack_featured_media_url":"","_links":{"self":[{"href":"https:\/\/www.livrescq.com\/livrescq\/wp-json\/wp\/v2\/posts\/7443","targetHints":{"allow":["GET"]}}],"collection":[{"href":"https:\/\/www.livrescq.com\/livrescq\/wp-json\/wp\/v2\/posts"}],"about":[{"href":"https:\/\/www.livrescq.com\/livrescq\/wp-json\/wp\/v2\/types\/post"}],"author":[{"embeddable":true,"href":"https:\/\/www.livrescq.com\/livrescq\/wp-json\/wp\/v2\/users\/1"}],"replies":[{"embeddable":true,"href":"https:\/\/www.livrescq.com\/livrescq\/wp-json\/wp\/v2\/comments?post=7443"}],"version-history":[{"count":1,"href":"https:\/\/www.livrescq.com\/livrescq\/wp-json\/wp\/v2\/posts\/7443\/revisions"}],"predecessor-version":[{"id":7445,"href":"https:\/\/www.livrescq.com\/livrescq\/wp-json\/wp\/v2\/posts\/7443\/revisions\/7445"}],"wp:attachment":[{"href":"https:\/\/www.livrescq.com\/livrescq\/wp-json\/wp\/v2\/media?parent=7443"}],"wp:term":[{"taxonomy":"category","embeddable":true,"href":"https:\/\/www.livrescq.com\/livrescq\/wp-json\/wp\/v2\/categories?post=7443"},{"taxonomy":"post_tag","embeddable":true,"href":"https:\/\/www.livrescq.com\/livrescq\/wp-json\/wp\/v2\/tags?post=7443"}],"curies":[{"name":"wp","href":"https:\/\/api.w.org\/{rel}","templated":true}]}}