{"id":7944,"date":"2022-05-08T18:28:05","date_gmt":"2022-05-08T17:28:05","guid":{"rendered":"http:\/\/www.livrescq.com\/livrescq\/?p=7944"},"modified":"2022-06-08T19:16:53","modified_gmt":"2022-06-08T18:16:53","slug":"amina-mekahli-nest-plus","status":"publish","type":"post","link":"https:\/\/www.livrescq.com\/livrescq\/amina-mekahli-nest-plus\/","title":{"rendered":"Amina Mekahli n\u2019est plus !"},"content":{"rendered":"<p style=\"text-align: left;\"><img loading=\"lazy\" decoding=\"async\" class=\"alignright size-medium wp-image-7945\" src=\"http:\/\/www.livrescq.com\/livrescq\/wp-content\/uploads\/2022\/06\/AMINAM-300x222.jpg\" alt=\"AMINAM\" width=\"300\" height=\"222\" srcset=\"https:\/\/www.livrescq.com\/livrescq\/wp-content\/uploads\/2022\/06\/AMINAM-300x222.jpg 300w, https:\/\/www.livrescq.com\/livrescq\/wp-content\/uploads\/2022\/06\/AMINAM-768x568.jpg 768w, https:\/\/www.livrescq.com\/livrescq\/wp-content\/uploads\/2022\/06\/AMINAM-1024x757.jpg 1024w, https:\/\/www.livrescq.com\/livrescq\/wp-content\/uploads\/2022\/06\/AMINAM.jpg 1256w\" sizes=\"auto, (max-width: 300px) 100vw, 300px\" \/>\u00ab\u00a0Le jour qui est venu sans aube et sans lumi\u00e8re<br \/>\nCe jour qui assassine les r\u00eaves des bourgeons<br \/>\nSe l\u00e8ve tel un rideau sur une sc\u00e8ne venue de loin<br \/>\nO\u00f9 les gestes des a\u00efeuls jouent un acte incestueux.\u00a0\u00bb<\/p>\n<p style=\"text-align: left;\">\u00a0( A. M. Les iris bleuis par la m\u00e9diterran\u00e9e 2011)<\/p>\n<p><strong>La po\u00e8te, la passionn\u00e9e des rimes et errances s&rsquo;est \u00e9teinte dans la nuit de samedi \u00e0 dimanche, \u00e0 l&rsquo;\u00e2ge de 55 ans, des suites d&rsquo;une longue maladie. <\/strong>Elle est auteure du roman \u00ab\u00a0Le secret de la Girelle\u00a0\u00bb en 2016, suivi de \u00ab\u00a0Nomade br\u00fblant\u00a0\u00bb en 2017 et d\u2019un recueil de nouvelles \u00ab\u00a0Les \u00e9l\u00e9phants ne meurent pas d&rsquo;oubli\u00a0\u00bb en 2018 publi\u00e9s aux \u00e9ditions ANEP.<\/p>\n<p>A propos de son premier roman \u00ab\u00a0Le secret de la Girelle\u00a0\u00bb, la brodeuse du fil de l\u2019\u00e2me, khit e\u2019rrouh, confia \u00e0 L\u2019ivrEscQ\u00a0:\u00a0\u00ab\u00a0J\u2019ai commenc\u00e9 l\u2019\u00e9criture de ce roman au mois de Mars, j\u2019\u00e9tais \u00e0 Adrar, mais l\u2019id\u00e9e premi\u00e8re de ce livre m\u2019est venue au mois de janvier 2016. Ce livre je l\u2019ai \u00e9crit comme une main douce sur mes blessures, comme un baume sur les douleurs de ceux qui vont le lire\u2026 Je l\u2019ai \u00e9crit avec ma tendresse et celle qui manque en ce monde. J\u2019ai pleur\u00e9 parfois, j\u2019ai souri souvent, j\u2019ai retranscrit mes \u00e9motions au plus proche de l\u2019indicible\u2026 J\u2019ai voyag\u00e9 et j\u2019esp\u00e8re emmener mes lecteurs avec moi un peu. Je n\u2019\u00e9cris que de nuit, quand le monde pose son corps fatigu\u00e9 sur les pages blanches de tous les secrets\u2026\u00a0\u00bb<\/p>\n<p>Amina Mekahli a \u00e9galement sign\u00e9 en 2015 les textes du beau-livre \u00ab\u00a0Tiaret, chevaux et l\u00e9gendes\u00a0\u00bb illustr\u00e9 par les \u0153uvres du photographe Nacer Ouadahi.<\/p>\n<p>Son recueil \u00ab\u00a0Les petits cailloux du silence\u00a0\u00bb a \u00e9t\u00e9 traduit vers l&rsquo;Italien par le po\u00e9tesse Cinzia Demi et publi\u00e9 en Italie en d\u00e9but d&rsquo;ann\u00e9e.<\/p>\n<p>Amina Mekahli a \u00e9t\u00e9 laur\u00e9ate du prix international de po\u00e9sie L\u00e9opold-S\u00e9dar-Senghor en 2017 pour son po\u00e8me \u00ab\u00a0Je suis de vous\u00a0\u00bb, en 2018 pour l&rsquo;ensemble de son \u0153uvre puis en 2019 pour son po\u00e8me \u00ab\u00a0L\u00e8vres sans timbre\u00a0\u00bb.<\/p>\n<p>Amina Mekahli, cette \u00e2me tourment\u00e9e et apais\u00e9e \u00e0 la fois trouve son point d\u2019orgue dans la r\u00e9flexion sur le temps par toutes les errances.<\/p>\n<p style=\"text-align: right;\">La R\u00e9daction<\/p>\n","protected":false},"excerpt":{"rendered":"<p>\u00ab\u00a0Le jour qui est venu sans aube et sans lumi\u00e8re Ce jour qui assassine les r\u00eaves des bourgeons Se l\u00e8ve tel un rideau sur une sc\u00e8ne venue [&hellip;]<\/p>\n","protected":false},"author":1,"featured_media":0,"comment_status":"open","ping_status":"open","sticky":false,"template":"","format":"standard","meta":{"_monsterinsights_skip_tracking":false,"_monsterinsights_sitenote_active":false,"_monsterinsights_sitenote_note":"","_monsterinsights_sitenote_category":0,"footnotes":"","jetpack_publicize_message":"","jetpack_is_tweetstorm":false,"jetpack_publicize_feature_enabled":true},"categories":[1,7,199],"tags":[],"class_list":["post-7944","post","type-post","status-publish","format-standard","hentry","category-une","category-au-fil-des-pages","category-n-60"],"jetpack_publicize_connections":[],"jetpack_featured_media_url":"","_links":{"self":[{"href":"https:\/\/www.livrescq.com\/livrescq\/wp-json\/wp\/v2\/posts\/7944","targetHints":{"allow":["GET"]}}],"collection":[{"href":"https:\/\/www.livrescq.com\/livrescq\/wp-json\/wp\/v2\/posts"}],"about":[{"href":"https:\/\/www.livrescq.com\/livrescq\/wp-json\/wp\/v2\/types\/post"}],"author":[{"embeddable":true,"href":"https:\/\/www.livrescq.com\/livrescq\/wp-json\/wp\/v2\/users\/1"}],"replies":[{"embeddable":true,"href":"https:\/\/www.livrescq.com\/livrescq\/wp-json\/wp\/v2\/comments?post=7944"}],"version-history":[{"count":2,"href":"https:\/\/www.livrescq.com\/livrescq\/wp-json\/wp\/v2\/posts\/7944\/revisions"}],"predecessor-version":[{"id":7949,"href":"https:\/\/www.livrescq.com\/livrescq\/wp-json\/wp\/v2\/posts\/7944\/revisions\/7949"}],"wp:attachment":[{"href":"https:\/\/www.livrescq.com\/livrescq\/wp-json\/wp\/v2\/media?parent=7944"}],"wp:term":[{"taxonomy":"category","embeddable":true,"href":"https:\/\/www.livrescq.com\/livrescq\/wp-json\/wp\/v2\/categories?post=7944"},{"taxonomy":"post_tag","embeddable":true,"href":"https:\/\/www.livrescq.com\/livrescq\/wp-json\/wp\/v2\/tags?post=7944"}],"curies":[{"name":"wp","href":"https:\/\/api.w.org\/{rel}","templated":true}]}}