{"id":7987,"date":"2022-06-28T18:46:44","date_gmt":"2022-06-28T17:46:44","guid":{"rendered":"http:\/\/www.livrescq.com\/livrescq\/?p=7987"},"modified":"2022-06-28T22:18:08","modified_gmt":"2022-06-28T21:18:08","slug":"6e-forum-de-livrescq-lalgerie-patrimoine-mediterraneen-60-ans-dindependance","status":"publish","type":"post","link":"https:\/\/www.livrescq.com\/livrescq\/6e-forum-de-livrescq-lalgerie-patrimoine-mediterraneen-60-ans-dindependance\/","title":{"rendered":"6e FORUM de L\u2019ivrEscQ  \u00ab L\u2019ALG\u00c9RIE, PATRIMOINE M\u00c9DITERRAN\u00c9EN  -60 ANS D\u2019IND\u00c9PENDANCE\u00bb"},"content":{"rendered":"<p>Un forum donnant plus de visibilit\u00e9 et d\u2019accessibilit\u00e9 aux espaces livresques encore en crise. Notre programme est sur 3 jours de 14h- 18h.<\/p>\n<ul>\n<li><strong>03 juillet\u00a014h \u00e0 15h<\/strong> 1<sup>\u00e8re<\/sup> table ronde sous le th\u00e8me <strong><em>Alg\u00e9rie, porte sur la M\u00e9diterran\u00e9e<\/em><\/strong> anim\u00e9e par <strong>Nadia Sebkhi.<\/strong><\/li>\n<\/ul>\n<p><strong>Intervenants<\/strong><strong>\u00a0<\/strong>: Abderrahmane Khelifa \/ Abdelkrim Tazarout \/ Yacine Si Ahmed\/ Mounjia Abdeltif \/ Farid Benyaa (pr\u00e9sentera son exposition <strong><em>La Baie d\u2019Alger, Art et Architecture<\/em><\/strong> au Palais de la Culture du 25 juin au 25 juillet).<\/p>\n<ul>\n<li><strong>03 juillet\u00a014h \u00e0 15h\u00a0<\/strong>2<sup>\u00e8me<\/sup> table ronde <strong>Autre regard : r\u00e9cit alg\u00e9ro-m\u00e9diterran\u00e9en<\/strong> anim\u00e9e par <strong>Nadia Sebkhi.<\/strong><\/li>\n<\/ul>\n<p><strong>Intervenants<\/strong>\u00a0: Leila Hamout\u00e8ne \/ Nadir Djema\/ Rachid Rezagui\/ Noureddine Louhal.<em>\u00a0<\/em><\/p>\n<p>&nbsp;<\/p>\n<ul>\n<li><strong>04 juillet\u00a014h \u00e0 15h<\/strong> 1<sup>\u00e8re<\/sup> table ronde sous le th\u00e8me <strong><em>Patrimoine m\u00e9diterran\u00e9en : r\u00e9cit de voyage<\/em> <\/strong>anim\u00e9e par <strong>Zoubeida Mameria.<\/strong><\/li>\n<\/ul>\n<p><strong>Intervenants\u00a0:<\/strong> Mohamed Magani \/ Ahmed Benzelikha \/ Jaoudet Gassouma\/ Reslane Lounici.<\/p>\n<ul>\n<li><strong>04 juillet\u00a014h \u00e0 15h<\/strong> 2<sup>\u00e8me<\/sup> table ronde <strong><em>Patrimoines Partag\u00e9s de la M\u00e9diterran\u00e9e<\/em><\/strong> anim\u00e9e par <strong>Zoubeida Mameria.<\/strong><\/li>\n<\/ul>\n<p><strong>Intervenants<\/strong>\u00a0 : Mahmoud Aroua \/ Belkacem Achite\/ Fella Andaloussia \/ Rachid Rezagui.<\/p>\n<p style=\"text-align: center;\"><em>Tables rondes, d\u00e9bats, signatures, s\u00e9ances photo, arts plastiques, lectures, balades au Palais des Ra\u00efs\u2026 <\/em><\/p>\n<p>&nbsp;<\/p>\n<ul>\n<li><strong>05 juillet\u00a014h \u00e0 15h<\/strong> Table ronde <strong><em>L\u2019Alg\u00e9rie 60 ans d\u2019ind\u00e9pendance (1962-2022) <\/em><\/strong>anim\u00e9e par <strong>Asia Baz.<\/strong><\/li>\n<\/ul>\n<p>A la m\u00e9moire de la d\u00e9funte <strong>Amina Mekahli<\/strong> \u2013 <em>Nomade br\u00fblant<\/em> (roman historique sur les camps de regroupement)<\/p>\n<ul>\n<li><strong>\u00ab Les camps de regroupement \u00bb<\/strong><\/li>\n<\/ul>\n<p><strong>Intervenants<\/strong>\u00a0: Mohamed Sari\/ Nour Kamel\/ Motefa Khiati.<\/p>\n<ul>\n<li><strong>\u00ab Ecriture de l\u2019Histoire \u00bb <\/strong><\/li>\n<\/ul>\n<p><strong>Intervenants<\/strong>\u00a0: Hosni Kitouni \/ Souhila Amirat\/ Reslane Lounici\/ Zoubeida Mameria \/Alloua Daksi.<\/p>\n<p><strong>Cl\u00f4ture \u2013 R\u00e9cital po\u00e9tique sous fond musical.<\/strong><\/p>\n<p><strong>Intervenants\u00a0<\/strong>: Fouzia Laradi\/ Kamel Belhocine \/ Nadir Benseguini\/ Fella Andaloussia\/ Ouarda Baziz Cherifi \/ Dali Mohamed\/ Fayza Stambouli Acitani\/ Rachid Rezagui.<\/p>\n<p><strong>\u00a0<\/strong><\/p>\n<p><strong>Nota Bene\u00a0:<\/strong> Tous les participants des tables rondes peuvent programmer leurs ventes d\u00e9dicaces pendant le Forum \u00e0 la <strong>Librairie Tiers Monde<\/strong> pr\u00e9sente au Palais des Ra\u00efs (Bastion 23). \u00a0<strong>\u00a0<\/strong><\/p>\n<p>&nbsp;<\/p>\n<p style=\"text-align: center;\"><strong><u>Soyez les bienvenus.<\/u><\/strong><\/p>\n<p style=\"text-align: center;\"><img loading=\"lazy\" decoding=\"async\" class=\" wp-image-7990 aligncenter\" src=\"http:\/\/www.livrescq.com\/livrescq\/wp-content\/uploads\/2022\/06\/Plan-de-travail-1-100-225x300.jpg\" alt=\"Plan de travail 1-100\" width=\"348\" height=\"464\" srcset=\"https:\/\/www.livrescq.com\/livrescq\/wp-content\/uploads\/2022\/06\/Plan-de-travail-1-100-225x300.jpg 225w, https:\/\/www.livrescq.com\/livrescq\/wp-content\/uploads\/2022\/06\/Plan-de-travail-1-100-768x1024.jpg 768w, https:\/\/www.livrescq.com\/livrescq\/wp-content\/uploads\/2022\/06\/Plan-de-travail-1-100.jpg 1701w\" sizes=\"auto, (max-width: 348px) 100vw, 348px\" \/><\/p>\n","protected":false},"excerpt":{"rendered":"<p>Un forum donnant plus de visibilit\u00e9 et d\u2019accessibilit\u00e9 aux espaces livresques encore en crise. Notre programme est sur 3 jours de 14h- 18h. 03 juillet\u00a014h \u00e0 15h [&hellip;]<\/p>\n","protected":false},"author":1,"featured_media":0,"comment_status":"open","ping_status":"open","sticky":false,"template":"","format":"standard","meta":{"_monsterinsights_skip_tracking":false,"_monsterinsights_sitenote_active":false,"_monsterinsights_sitenote_note":"","_monsterinsights_sitenote_category":0,"footnotes":"","jetpack_publicize_message":"","jetpack_is_tweetstorm":false,"jetpack_publicize_feature_enabled":true},"categories":[1,117,174,199],"tags":[],"class_list":["post-7987","post","type-post","status-publish","format-standard","hentry","category-une","category-actuel","category-fira-colloques","category-n-60"],"jetpack_publicize_connections":[],"jetpack_featured_media_url":"","_links":{"self":[{"href":"https:\/\/www.livrescq.com\/livrescq\/wp-json\/wp\/v2\/posts\/7987","targetHints":{"allow":["GET"]}}],"collection":[{"href":"https:\/\/www.livrescq.com\/livrescq\/wp-json\/wp\/v2\/posts"}],"about":[{"href":"https:\/\/www.livrescq.com\/livrescq\/wp-json\/wp\/v2\/types\/post"}],"author":[{"embeddable":true,"href":"https:\/\/www.livrescq.com\/livrescq\/wp-json\/wp\/v2\/users\/1"}],"replies":[{"embeddable":true,"href":"https:\/\/www.livrescq.com\/livrescq\/wp-json\/wp\/v2\/comments?post=7987"}],"version-history":[{"count":3,"href":"https:\/\/www.livrescq.com\/livrescq\/wp-json\/wp\/v2\/posts\/7987\/revisions"}],"predecessor-version":[{"id":7992,"href":"https:\/\/www.livrescq.com\/livrescq\/wp-json\/wp\/v2\/posts\/7987\/revisions\/7992"}],"wp:attachment":[{"href":"https:\/\/www.livrescq.com\/livrescq\/wp-json\/wp\/v2\/media?parent=7987"}],"wp:term":[{"taxonomy":"category","embeddable":true,"href":"https:\/\/www.livrescq.com\/livrescq\/wp-json\/wp\/v2\/categories?post=7987"},{"taxonomy":"post_tag","embeddable":true,"href":"https:\/\/www.livrescq.com\/livrescq\/wp-json\/wp\/v2\/tags?post=7987"}],"curies":[{"name":"wp","href":"https:\/\/api.w.org\/{rel}","templated":true}]}}