{"id":8025,"date":"2022-07-03T13:39:00","date_gmt":"2022-07-03T12:39:00","guid":{"rendered":"http:\/\/www.livrescq.com\/livrescq\/?p=8025"},"modified":"2022-10-12T15:54:55","modified_gmt":"2022-10-12T14:54:55","slug":"6e-forum-du-magazine-livrescq-sous-le-theme-lalgerie-patrimoine-mediterraneen-60-ans-dindependance-%ef%bf%bc","status":"publish","type":"post","link":"https:\/\/www.livrescq.com\/livrescq\/6e-forum-du-magazine-livrescq-sous-le-theme-lalgerie-patrimoine-mediterraneen-60-ans-dindependance-%ef%bf%bc\/","title":{"rendered":"6e FORUM du magazine L\u2019ivrEscQ sous le th\u00e8me \u00ab L\u2019ALG\u00c9RIE, PATRIMOINE M\u00c9DITERRAN\u00c9EN -60 ANS D\u2019IND\u00c9PENDANCE\u00bb.\ufffc"},"content":{"rendered":"\n<p>Le 6e Forum du magazine L\u2019ivrEscQ est organis\u00e9 dans le cadre des festivit\u00e9s du 60e anniversaire de l\u2019Ind\u00e9pendance de l\u2019Alg\u00e9rie et en marge des Jeux Olympiques (Oran) au Palais des Ra\u00efs (Bastion 23), les 3, 4 et 5 juillet 2022 de 14h \u00e0 18h en partenariat avec la librairie Tiers Monde. Au programme des tables rondes, signature, lecture, r\u00e9cital et collation le 5 juillet, Journ\u00e9e d\u00e9di\u00e9e \u00e0 Amina Mekahli autour de son roman \u00ab&nbsp;Nomade br\u00fblant&nbsp;\u00bb (au th\u00e8me central du roman Les Camps de regroupement) et Hommage \u00e0 Kaddour M\u2019Hamsadji.<\/p>\n\n\n\n<p>Parmi les actes du 6e Forum \u00ab L\u2019ALG\u00c9RIE, PATRIMOINE M\u00c9DITERRAN\u00c9EN -60 ANS D\u2019IND\u00c9PENDANCE\u00bb les communications de Nadia Sebkhi, Leila Hamout\u00e8ne, Zoubeida Mam\u00e9ria et Nourreddine Louhal sont publi\u00e9s sur notre site.<\/p>\n\n\n\n<p>Pendant les trois jours une exposition peinture de Kamel Nour a \u00e9t\u00e9 pr\u00e9sente sur principalement la Baie d\u2019Alger et les Hommes du d\u00e9sert.<\/p>\n\n\n\n<p>Une deuxi\u00e8me exposition de photos-textes sur des figures embl\u00e9matiques de la R\u00e9volution alg\u00e9rienne par Rachid Rezagui.<\/p>\n\n\n\n<p>Des ventes d\u00e9dicaces ont eu lieu pendant les (3) jours de tous les auteurs pr\u00e9sents au 6<sup>e<\/sup> Forum de L\u2019ivrEscQ gr\u00e2ce \u00e0 la librairie Tiers Monde partenaire de l\u2019\u00e9v\u00e9nement.<\/p>\n\n\n\n<p><strong>Le premier jour du 6<sup>e<\/sup> Forum de L\u2019ivrEscQ, le 03 juillet<\/strong> 14h \u00e0 15h, une premi\u00e8re table ronde sous le th\u00e8me \u00ab&nbsp;Alg\u00e9rie, porte sur la M\u00e9diterran\u00e9e&nbsp;\u00bb conviant au d\u00e9bat Abderrahmane Khelifa, Abdelkrim Tazaroute, Yacine Si Ahmed et Mounjia Abdeltif.<\/p>\n\n\n\n<p><strong>Une deuxi\u00e8me table ronde<\/strong> de 15h \u00e0 16h sous le th\u00e8me \u00ab&nbsp;Autre regard : r\u00e9cit alg\u00e9ro-m\u00e9diterran\u00e9en&nbsp;\u00bb avec Leila Hamout\u00e8ne, Rachid Rezagui et Nourreddine Louhal.<\/p>\n\n\n\n<p>Les deux tables rondes sont mod\u00e9r\u00e9es par Nadia Sebkhi avec comme pr\u00e9ambule lecture des extraits choisis de \u00ab Alg\u00e9rie, capitale Alger \u00bb de la militante-po\u00e8te Anna Greki par Leila Boukli.<\/p>\n\n\n\n<p>A rappeler que Anna Greki, de son vrai nom Anna Colette Gr\u00e9goire, est connue pour son engagement \u00e0 l\u2019ind\u00e9pendance de l\u2019Alg\u00e9rie.<\/p>\n\n\n\n<p>L\u2019\u0153uvre \u00ab Alg\u00e9rie, capitale Alger \u00bb a \u00e9t\u00e9 pr\u00e9fac\u00e9e par Mostefa Lacheraf et traduite en arabe de Tahar Cheria\u00e2.<\/p>\n\n\n<div class=\"wp-block-image\">\n<figure class=\"aligncenter size-large is-resized\"><a href=\"http:\/\/www.livrescq.com\/livrescq\/wp-content\/uploads\/2022\/10\/IMG_7870-4.jpg\"><img loading=\"lazy\" decoding=\"async\" src=\"http:\/\/www.livrescq.com\/livrescq\/wp-content\/uploads\/2022\/10\/IMG_7870-4-1024x620.jpg\" alt=\"\" class=\"wp-image-8033\" width=\"498\" height=\"301\" srcset=\"https:\/\/www.livrescq.com\/livrescq\/wp-content\/uploads\/2022\/10\/IMG_7870-4-1024x620.jpg 1024w, https:\/\/www.livrescq.com\/livrescq\/wp-content\/uploads\/2022\/10\/IMG_7870-4-300x181.jpg 300w, https:\/\/www.livrescq.com\/livrescq\/wp-content\/uploads\/2022\/10\/IMG_7870-4-768x465.jpg 768w, https:\/\/www.livrescq.com\/livrescq\/wp-content\/uploads\/2022\/10\/IMG_7870-4-1536x929.jpg 1536w, https:\/\/www.livrescq.com\/livrescq\/wp-content\/uploads\/2022\/10\/IMG_7870-4.jpg 1881w\" sizes=\"auto, (max-width: 498px) 100vw, 498px\" \/><\/a><figcaption>De gauche \u00e0 droite&nbsp;Abderrahmane Khelifa, Yacine Si Ahmed, Leila Boukli, Nadia Sebkhi, Mounjia Abdeltif, Abdelkrim Tazaroute.<\/figcaption><\/figure>\n<\/div>\n\n\n<p><strong>Le deuxi\u00e8me jour du 6<sup>e<\/sup> Forum de L\u2019ivrEscQ, le 04 juillet<\/strong> 14h \u00e0 15h, une premi\u00e8re table ronde sous le th\u00e8me&nbsp;: \u00ab&nbsp;Patrimoine m\u00e9diterran\u00e9en : r\u00e9cit de voyage&nbsp;\u00bb conviant au d\u00e9bat Mohamed Magani, Ahmed Benzelikha et Jaoudet Gassouma.<\/p>\n\n\n\n<p><strong>Une deuxi\u00e8me table ronde<\/strong> de 15h \u00e0 16h sous le th\u00e8me \u00ab&nbsp;Patrimoines Partag\u00e9s de la M\u00e9diterran\u00e9e&nbsp;\u00bb avec Mahmoud Aroua, Belkacem Achite, Fella Andaloussia, Rachid Rezagui.<\/p>\n\n\n\n<p>Les deux tables rondes sont mod\u00e9r\u00e9es par Zoubeida Mameria.<\/p>\n\n\n<div class=\"wp-block-image\">\n<figure class=\"aligncenter size-large is-resized\"><a href=\"http:\/\/www.livrescq.com\/livrescq\/wp-content\/uploads\/2022\/10\/IMG_8123.jpg\"><img loading=\"lazy\" decoding=\"async\" src=\"http:\/\/www.livrescq.com\/livrescq\/wp-content\/uploads\/2022\/10\/IMG_8123-1024x670.jpg\" alt=\"\" class=\"wp-image-8034\" width=\"513\" height=\"335\" srcset=\"https:\/\/www.livrescq.com\/livrescq\/wp-content\/uploads\/2022\/10\/IMG_8123-1024x670.jpg 1024w, https:\/\/www.livrescq.com\/livrescq\/wp-content\/uploads\/2022\/10\/IMG_8123-300x196.jpg 300w, https:\/\/www.livrescq.com\/livrescq\/wp-content\/uploads\/2022\/10\/IMG_8123-768x503.jpg 768w, https:\/\/www.livrescq.com\/livrescq\/wp-content\/uploads\/2022\/10\/IMG_8123-1536x1006.jpg 1536w, https:\/\/www.livrescq.com\/livrescq\/wp-content\/uploads\/2022\/10\/IMG_8123.jpg 1920w\" sizes=\"auto, (max-width: 513px) 100vw, 513px\" \/><\/a><figcaption>De gauche \u00e0 droite&nbsp;Ahmed Benzelikha, Mohamed Magani, Zoubeida Mameria, Yacine Si Ahmed, Jaoudet Gassouma.<\/figcaption><\/figure>\n<\/div>\n\n\n<p><strong>Le troisi\u00e8me jour du 6<sup>e<\/sup> Forum de L\u2019ivrEscQ, le 05 juillet<\/strong> 14h \u00e0 15h, une premi\u00e8re table ronde sous le th\u00e8me&nbsp;: \u00ab L\u2019Alg\u00e9rie 60 ans d\u2019ind\u00e9pendance (1962-2022) -Les camps de regroupement- \u00bb, \u00e0 la m\u00e9moire de la d\u00e9funte Amina Mekahli \u2013 Nomade br\u00fblant (roman historique sur les camps de regroupement), et hommage \u00e0 l\u2019\u00e9crivain Kaddour M\u2019Hamsadji, conviant au d\u00e9bat Mohamed Sari, Mostefa Khiati et Kaddour M\u2019hamsadji.<\/p>\n\n\n\n<p>Un hommage est rendu \u00e0 Amina Mekahli par lecture de ses textes par Reslane Lounici et r\u00e9v\u00e9lation d\u2019une toile r\u00e9alis\u00e9e par le plasticien Kamel Nour qu\u2019il a r\u00e9alis\u00e9e \u00e0 partir des t\u00e9moignages et lecture de ses po\u00e8mes.<\/p>\n\n\n\n<p>Un hommage est rendu \u00e0 l\u2019\u00e9crivain Kaddour M\u2019Hamsadji par Lounis Ait Aoudia, pr\u00e9sident de l\u2019Association \u00abLes amis de la rampe Louni-Arezki \u00bb et quelques membres de l\u2019association.<\/p>\n\n\n\n<p><strong>Une deuxi\u00e8me table ronde<\/strong> de 15h \u00e0 16h sous le th\u00e8me \u00ab Ecriture de l\u2019Histoire \u00bb et r\u00e9cital po\u00e9tique avec Zoubeida Mameria, Alloua Daksi, Fouzia Laradi, Nadir Benseguini, Mina Benmihoub, Naomi Mehailia, Rachid Rezagui.<\/p>\n\n\n\n<p>Les tables rondes, les hommages et le r\u00e9cital po\u00e9tique sont mod\u00e9r\u00e9es par Asia Baz.<\/p>\n\n\n<div class=\"wp-block-image\">\n<figure class=\"aligncenter size-large is-resized\"><a href=\"http:\/\/www.livrescq.com\/livrescq\/wp-content\/uploads\/2022\/10\/IMG_8475.jpg\"><img loading=\"lazy\" decoding=\"async\" src=\"http:\/\/www.livrescq.com\/livrescq\/wp-content\/uploads\/2022\/10\/IMG_8475-1024x580.jpg\" alt=\"\" class=\"wp-image-8035\" width=\"496\" height=\"280\" srcset=\"https:\/\/www.livrescq.com\/livrescq\/wp-content\/uploads\/2022\/10\/IMG_8475-1024x580.jpg 1024w, https:\/\/www.livrescq.com\/livrescq\/wp-content\/uploads\/2022\/10\/IMG_8475-300x170.jpg 300w, https:\/\/www.livrescq.com\/livrescq\/wp-content\/uploads\/2022\/10\/IMG_8475-768x435.jpg 768w, https:\/\/www.livrescq.com\/livrescq\/wp-content\/uploads\/2022\/10\/IMG_8475-1536x869.jpg 1536w, https:\/\/www.livrescq.com\/livrescq\/wp-content\/uploads\/2022\/10\/IMG_8475.jpg 1887w\" sizes=\"auto, (max-width: 496px) 100vw, 496px\" \/><\/a><figcaption>De gauche \u00e0 droite Mostefa Khiati, Mohamed Sari, Asia Baz, Kaddour M\u2019hamsadji.<\/figcaption><\/figure>\n<\/div>\n\n\n<p><\/p>\n","protected":false},"excerpt":{"rendered":"<p>Le 6e Forum du magazine L\u2019ivrEscQ est organis\u00e9 dans le cadre des festivit\u00e9s du 60e anniversaire de l\u2019Ind\u00e9pendance de l\u2019Alg\u00e9rie et en marge des Jeux Olympiques (Oran) [&hellip;]<\/p>\n","protected":false},"author":1,"featured_media":0,"comment_status":"open","ping_status":"open","sticky":false,"template":"","format":"standard","meta":{"_monsterinsights_skip_tracking":false,"_monsterinsights_sitenote_active":false,"_monsterinsights_sitenote_note":"","_monsterinsights_sitenote_category":0,"footnotes":"","jetpack_publicize_message":"","jetpack_is_tweetstorm":false,"jetpack_publicize_feature_enabled":true},"categories":[1,174,199],"tags":[],"class_list":["post-8025","post","type-post","status-publish","format-standard","hentry","category-une","category-fira-colloques","category-n-60"],"jetpack_publicize_connections":[],"jetpack_featured_media_url":"","_links":{"self":[{"href":"https:\/\/www.livrescq.com\/livrescq\/wp-json\/wp\/v2\/posts\/8025","targetHints":{"allow":["GET"]}}],"collection":[{"href":"https:\/\/www.livrescq.com\/livrescq\/wp-json\/wp\/v2\/posts"}],"about":[{"href":"https:\/\/www.livrescq.com\/livrescq\/wp-json\/wp\/v2\/types\/post"}],"author":[{"embeddable":true,"href":"https:\/\/www.livrescq.com\/livrescq\/wp-json\/wp\/v2\/users\/1"}],"replies":[{"embeddable":true,"href":"https:\/\/www.livrescq.com\/livrescq\/wp-json\/wp\/v2\/comments?post=8025"}],"version-history":[{"count":5,"href":"https:\/\/www.livrescq.com\/livrescq\/wp-json\/wp\/v2\/posts\/8025\/revisions"}],"predecessor-version":[{"id":8059,"href":"https:\/\/www.livrescq.com\/livrescq\/wp-json\/wp\/v2\/posts\/8025\/revisions\/8059"}],"wp:attachment":[{"href":"https:\/\/www.livrescq.com\/livrescq\/wp-json\/wp\/v2\/media?parent=8025"}],"wp:term":[{"taxonomy":"category","embeddable":true,"href":"https:\/\/www.livrescq.com\/livrescq\/wp-json\/wp\/v2\/categories?post=8025"},{"taxonomy":"post_tag","embeddable":true,"href":"https:\/\/www.livrescq.com\/livrescq\/wp-json\/wp\/v2\/tags?post=8025"}],"curies":[{"name":"wp","href":"https:\/\/api.w.org\/{rel}","templated":true}]}}