{"id":8142,"date":"2023-05-17T13:16:43","date_gmt":"2023-05-17T12:16:43","guid":{"rendered":"http:\/\/www.livrescq.com\/livrescq\/?p=8142"},"modified":"2023-05-17T13:18:44","modified_gmt":"2023-05-17T12:18:44","slug":"conference-regard-algerien-sur-linstitution-museale-%ef%bf%bc","status":"publish","type":"post","link":"https:\/\/www.livrescq.com\/livrescq\/conference-regard-algerien-sur-linstitution-museale-%ef%bf%bc\/","title":{"rendered":"Conf\u00e9rence\u00a0: \u00ab\u00a0Regard alg\u00e9rien sur l\u2019institution mus\u00e9ale\u00a0\u00bb\ufffc"},"content":{"rendered":"\n<p>Dans le cadre du mois du Patrimoine, une conf\u00e9rence sous le th\u00e8me \u00ab\u00a0Regard alg\u00e9rien sur l\u2019institution mus\u00e9ale\u00a0\u00bb sera assur\u00e9e par Aicha Hanafi, enseignante \u00e0 l\u2019Institut d\u2019arch\u00e9ologie de l\u2019Universit\u00e9 d\u2019Alger 2,\u00a0le 18\u00a0mai\u00a0-10h- au Mus\u00e9e National des Antiquit\u00e9s et des Arts islamiques \u00e0 Alger. Il sera question du regard alg\u00e9rien sur les institutions mus\u00e9ales. Le mus\u00e9e, lieu culturel et historique qui reste peu fr\u00e9quent\u00e9 par la soci\u00e9t\u00e9 civile alg\u00e9rienne, pourtant son apport est pr\u00e9cieux dans ce que nous sommes.<\/p>\n\n\n\n<p>Soyez au rendez-vous.&nbsp;<\/p>\n\n\n\n<figure class=\"wp-block-image size-large\"><a href=\"http:\/\/www.livrescq.com\/livrescq\/wp-content\/uploads\/2023\/05\/Musee-national-des-Antiquites-scaled-2.jpg\"><img loading=\"lazy\" decoding=\"async\" width=\"1024\" height=\"683\" src=\"http:\/\/www.livrescq.com\/livrescq\/wp-content\/uploads\/2023\/05\/Musee-national-des-Antiquites-scaled-2-1024x683.jpg\" alt=\"\" class=\"wp-image-8148\" srcset=\"https:\/\/www.livrescq.com\/livrescq\/wp-content\/uploads\/2023\/05\/Musee-national-des-Antiquites-scaled-2-1024x683.jpg 1024w, https:\/\/www.livrescq.com\/livrescq\/wp-content\/uploads\/2023\/05\/Musee-national-des-Antiquites-scaled-2-300x200.jpg 300w, https:\/\/www.livrescq.com\/livrescq\/wp-content\/uploads\/2023\/05\/Musee-national-des-Antiquites-scaled-2-768x512.jpg 768w, https:\/\/www.livrescq.com\/livrescq\/wp-content\/uploads\/2023\/05\/Musee-national-des-Antiquites-scaled-2-1536x1024.jpg 1536w, https:\/\/www.livrescq.com\/livrescq\/wp-content\/uploads\/2023\/05\/Musee-national-des-Antiquites-scaled-2-2048x1366.jpg 2048w\" sizes=\"auto, (max-width: 1024px) 100vw, 1024px\" \/><\/a><figcaption>Mus\u00e9e National des Antiquit\u00e9s et des Arts islamiques<\/figcaption><\/figure>\n","protected":false},"excerpt":{"rendered":"<p>Dans le cadre du mois du Patrimoine, une conf\u00e9rence sous le th\u00e8me \u00ab\u00a0Regard alg\u00e9rien sur l\u2019institution mus\u00e9ale\u00a0\u00bb sera assur\u00e9e par Aicha Hanafi, enseignante \u00e0 l\u2019Institut d\u2019arch\u00e9ologie de [&hellip;]<\/p>\n","protected":false},"author":1,"featured_media":0,"comment_status":"open","ping_status":"open","sticky":false,"template":"","format":"standard","meta":{"_monsterinsights_skip_tracking":false,"_monsterinsights_sitenote_active":false,"_monsterinsights_sitenote_note":"","_monsterinsights_sitenote_category":0,"footnotes":"","jetpack_publicize_message":"","jetpack_is_tweetstorm":false,"jetpack_publicize_feature_enabled":true},"categories":[117,7,199],"tags":[],"class_list":["post-8142","post","type-post","status-publish","format-standard","hentry","category-actuel","category-au-fil-des-pages","category-n-60"],"jetpack_publicize_connections":[],"jetpack_featured_media_url":"","_links":{"self":[{"href":"https:\/\/www.livrescq.com\/livrescq\/wp-json\/wp\/v2\/posts\/8142","targetHints":{"allow":["GET"]}}],"collection":[{"href":"https:\/\/www.livrescq.com\/livrescq\/wp-json\/wp\/v2\/posts"}],"about":[{"href":"https:\/\/www.livrescq.com\/livrescq\/wp-json\/wp\/v2\/types\/post"}],"author":[{"embeddable":true,"href":"https:\/\/www.livrescq.com\/livrescq\/wp-json\/wp\/v2\/users\/1"}],"replies":[{"embeddable":true,"href":"https:\/\/www.livrescq.com\/livrescq\/wp-json\/wp\/v2\/comments?post=8142"}],"version-history":[{"count":5,"href":"https:\/\/www.livrescq.com\/livrescq\/wp-json\/wp\/v2\/posts\/8142\/revisions"}],"predecessor-version":[{"id":8150,"href":"https:\/\/www.livrescq.com\/livrescq\/wp-json\/wp\/v2\/posts\/8142\/revisions\/8150"}],"wp:attachment":[{"href":"https:\/\/www.livrescq.com\/livrescq\/wp-json\/wp\/v2\/media?parent=8142"}],"wp:term":[{"taxonomy":"category","embeddable":true,"href":"https:\/\/www.livrescq.com\/livrescq\/wp-json\/wp\/v2\/categories?post=8142"},{"taxonomy":"post_tag","embeddable":true,"href":"https:\/\/www.livrescq.com\/livrescq\/wp-json\/wp\/v2\/tags?post=8142"}],"curies":[{"name":"wp","href":"https:\/\/api.w.org\/{rel}","templated":true}]}}