{"id":8249,"date":"2024-04-16T14:55:00","date_gmt":"2024-04-16T13:55:00","guid":{"rendered":"https:\/\/www.livrescq.com\/livrescq\/?p=8249"},"modified":"2024-05-23T15:23:03","modified_gmt":"2024-05-23T14:23:03","slug":"dar-salam-la-journee-internationale-du-vivre-ensemble-lencre-le-point-le-trait","status":"publish","type":"post","link":"https:\/\/www.livrescq.com\/livrescq\/dar-salam-la-journee-internationale-du-vivre-ensemble-lencre-le-point-le-trait\/","title":{"rendered":"Dar Salam\u00a0: La Journ\u00e9e Internationale du Vivre Ensemble \u00ab\u00a0L&rsquo;encre, Le point, Le trait\u00a0\u00bb"},"content":{"rendered":"<div class=\"wp-block-image\">\n<figure class=\"alignright size-full is-resized\"><a href=\"https:\/\/www.livrescq.com\/livrescq\/wp-content\/uploads\/2024\/05\/Dar-SALAM.jpg\"><img loading=\"lazy\" decoding=\"async\" src=\"https:\/\/www.livrescq.com\/livrescq\/wp-content\/uploads\/2024\/05\/Dar-SALAM.jpg\" alt=\"\" class=\"wp-image-8256\" width=\"224\" height=\"281\" srcset=\"https:\/\/www.livrescq.com\/livrescq\/wp-content\/uploads\/2024\/05\/Dar-SALAM.jpg 768w, https:\/\/www.livrescq.com\/livrescq\/wp-content\/uploads\/2024\/05\/Dar-SALAM-240x300.jpg 240w\" sizes=\"auto, (max-width: 224px) 100vw, 224px\" \/><\/a><\/figure>\n<\/div>\n\n\n<p>La 7\u00e8me \u00e9dition de la C\u00e9l\u00e9bration de la Journ\u00e9e Internationale du Vivre Ensemble se d\u00e9roule du 16 avril au 8 juin. Un riche programme d\u2019exposition et de conf\u00e9rences mettant en exergue la Calligraphie Arabe.<\/p>\n\n\n\n<p>Cet \u00e9v\u00e8nement sous le th\u00e8me \u00ab&nbsp;L&rsquo;encre, Le point, Le trait&nbsp;\u00bb reste un carrefour des Arts et des Lettres invitant \u00e9crivains, calligraphes, artistes, architectes, po\u00e8tes, conf\u00e9renciers \u00e0 promouvoir la Culture plurielle.<\/p>\n\n\n\n<p>Des expositions ont \u00e9t\u00e9 c\u00e9l\u00e9br\u00e9es entre autres celle de Faiza Tidjani, le 2 mai.<\/p>\n\n\n\n<p>Les \u0153uvres de l&rsquo;artiste empreintes de po\u00e9sie et de spiritualit\u00e9 explorent la profondeur de la Bourda et de la Hamziya. Le vernissage a \u00e9t\u00e9 c\u00e9l\u00e9br\u00e9 par une soir\u00e9e de lecture et de chants soufis \u00ab&nbsp;Lumi\u00e8re des Mots&nbsp;\u00bb par le Salah Zitouni et la chorale de la voie soufie Alawiya.<\/p>\n\n\n\n<p>Parmi les conf\u00e9rences, le 25 mai a r\u00e9uni pour Lecture-D\u00e9bat \u00ab Au rythme des Lettres \u00bb Rachid Rezagui, Abdelghani Rahmani, Mahmoud Aroua. Un apr\u00e8s-midi mod\u00e9r\u00e9 et co-organis\u00e9 par Nadia Sebkhi avec lecture de textes des po\u00e8tes Keltoum Deffous et Ahmed Aroua (p\u00e8re de Mahmoud Aroua).<\/p>\n\n\n\n<p>A rappeler que Dar Salam (Casbah \u2013 Alger) a \u00e9t\u00e9 restaur\u00e9 et, enfin, inaugur\u00e9 par Cheikh Khaled Bentoun\u00e8s, guide spirituel de la confr\u00e9rie soufie Al\u00e2wiyya, aux c\u00f4t\u00e9s d\u2019\u00e9minentes personnalit\u00e9s alg\u00e9riennes et \u00e9trang\u00e8res en \u00e9t\u00e9 2022.<\/p>\n\n\n\n<p class=\"has-text-align-right\">La r\u00e9daction.<\/p>\n\n\n<div class=\"wp-block-image\">\n<figure class=\"aligncenter size-large is-resized\"><a href=\"https:\/\/www.livrescq.com\/livrescq\/wp-content\/uploads\/2024\/05\/salam_Plan-de-travail-1-scaled.jpg\"><img loading=\"lazy\" decoding=\"async\" src=\"https:\/\/www.livrescq.com\/livrescq\/wp-content\/uploads\/2024\/05\/salam_Plan-de-travail-1-1024x696.jpg\" alt=\"\" class=\"wp-image-8255\" width=\"910\" height=\"618\" srcset=\"https:\/\/www.livrescq.com\/livrescq\/wp-content\/uploads\/2024\/05\/salam_Plan-de-travail-1-1024x696.jpg 1024w, https:\/\/www.livrescq.com\/livrescq\/wp-content\/uploads\/2024\/05\/salam_Plan-de-travail-1-300x204.jpg 300w, https:\/\/www.livrescq.com\/livrescq\/wp-content\/uploads\/2024\/05\/salam_Plan-de-travail-1-768x522.jpg 768w, https:\/\/www.livrescq.com\/livrescq\/wp-content\/uploads\/2024\/05\/salam_Plan-de-travail-1-1536x1044.jpg 1536w, https:\/\/www.livrescq.com\/livrescq\/wp-content\/uploads\/2024\/05\/salam_Plan-de-travail-1-2048x1391.jpg 2048w\" sizes=\"auto, (max-width: 910px) 100vw, 910px\" \/><\/a><figcaption>Programme<\/figcaption><\/figure>\n<\/div>","protected":false},"excerpt":{"rendered":"<p>La 7\u00e8me \u00e9dition de la C\u00e9l\u00e9bration de la Journ\u00e9e Internationale du Vivre Ensemble se d\u00e9roule du 16 avril au 8 juin. Un riche programme d\u2019exposition et de [&hellip;]<\/p>\n","protected":false},"author":1,"featured_media":0,"comment_status":"open","ping_status":"open","sticky":false,"template":"","format":"standard","meta":{"_monsterinsights_skip_tracking":false,"_monsterinsights_sitenote_active":false,"_monsterinsights_sitenote_note":"","_monsterinsights_sitenote_category":0,"footnotes":"","jetpack_publicize_message":"","jetpack_is_tweetstorm":false,"jetpack_publicize_feature_enabled":true},"categories":[1,117,199],"tags":[],"class_list":["post-8249","post","type-post","status-publish","format-standard","hentry","category-une","category-actuel","category-n-60"],"jetpack_publicize_connections":[],"jetpack_featured_media_url":"","_links":{"self":[{"href":"https:\/\/www.livrescq.com\/livrescq\/wp-json\/wp\/v2\/posts\/8249","targetHints":{"allow":["GET"]}}],"collection":[{"href":"https:\/\/www.livrescq.com\/livrescq\/wp-json\/wp\/v2\/posts"}],"about":[{"href":"https:\/\/www.livrescq.com\/livrescq\/wp-json\/wp\/v2\/types\/post"}],"author":[{"embeddable":true,"href":"https:\/\/www.livrescq.com\/livrescq\/wp-json\/wp\/v2\/users\/1"}],"replies":[{"embeddable":true,"href":"https:\/\/www.livrescq.com\/livrescq\/wp-json\/wp\/v2\/comments?post=8249"}],"version-history":[{"count":2,"href":"https:\/\/www.livrescq.com\/livrescq\/wp-json\/wp\/v2\/posts\/8249\/revisions"}],"predecessor-version":[{"id":8257,"href":"https:\/\/www.livrescq.com\/livrescq\/wp-json\/wp\/v2\/posts\/8249\/revisions\/8257"}],"wp:attachment":[{"href":"https:\/\/www.livrescq.com\/livrescq\/wp-json\/wp\/v2\/media?parent=8249"}],"wp:term":[{"taxonomy":"category","embeddable":true,"href":"https:\/\/www.livrescq.com\/livrescq\/wp-json\/wp\/v2\/categories?post=8249"},{"taxonomy":"post_tag","embeddable":true,"href":"https:\/\/www.livrescq.com\/livrescq\/wp-json\/wp\/v2\/tags?post=8249"}],"curies":[{"name":"wp","href":"https:\/\/api.w.org\/{rel}","templated":true}]}}