{"id":8300,"date":"2025-10-07T20:13:00","date_gmt":"2025-10-07T19:13:00","guid":{"rendered":"https:\/\/www.livrescq.com\/livrescq\/?p=8300"},"modified":"2025-10-26T21:32:50","modified_gmt":"2025-10-26T20:32:50","slug":"decouvrez-des-livres-au-stand-de-livrescq-tout-le-long-de-ce-28e-salon-international-du-livre-dalger-29-octobre-8-novembre-3","status":"publish","type":"post","link":"https:\/\/www.livrescq.com\/livrescq\/decouvrez-des-livres-au-stand-de-livrescq-tout-le-long-de-ce-28e-salon-international-du-livre-dalger-29-octobre-8-novembre-3\/","title":{"rendered":"D\u00e9couvrez des livres au stand de L&rsquo;ivrEscQ tout le long de ce 28e Salon International du livre d&rsquo;Alger (29 oct- 8 nov)"},"content":{"rendered":"\n<p><strong>Mardi 4 novembre Noureddine Benamara pr\u00e9sentera \u00ab&nbsp;Les Meknassas de l&rsquo;Ouarsenis&#8230;de la tribu \u00e0 l&rsquo;Alg\u00e9rie&nbsp;\u00bb. L\u2019auteur d\u00e9roule par un travail minutieusement document\u00e9 l\u2019origine de notre histoire allant de la Numidie \u00e0 la r\u00e9cente histoire coloniale. La grande Histoire des origines de l\u2019Alg\u00e9rie ancienne \u00e0 l\u2019Alg\u00e9rie contemporaine.<\/strong><\/p>\n\n\n<div class=\"wp-block-image\">\n<figure class=\"alignright size-full is-resized\"><a href=\"https:\/\/www.livrescq.com\/livrescq\/wp-content\/uploads\/2025\/10\/u-1.jpg\"><img loading=\"lazy\" decoding=\"async\" src=\"https:\/\/www.livrescq.com\/livrescq\/wp-content\/uploads\/2025\/10\/u-1.jpg\" alt=\"\" class=\"wp-image-8302\" width=\"216\" height=\"428\" srcset=\"https:\/\/www.livrescq.com\/livrescq\/wp-content\/uploads\/2025\/10\/u-1.jpg 206w, https:\/\/www.livrescq.com\/livrescq\/wp-content\/uploads\/2025\/10\/u-1-151x300.jpg 151w\" sizes=\"auto, (max-width: 216px) 100vw, 216px\" \/><\/a><\/figure>\n<\/div>\n\n\n<p><strong>EXTRAIT<\/strong><\/p>\n\n\n\n<p>En cette ann\u00e9e 1900, la colonisation triomphait, le temps \u00e9tait \u00e0 l\u2019arrogance. Deux cents mille colons, fran\u00e7ais de souche ou naturalis\u00e9s, d\u00e9cidaient sans partage du sort de 3 millions d\u2019Alg\u00e9riennes et d\u2019Alg\u00e9riens bris\u00e9s, \u00e9cras\u00e9s, apparemment soumis. Sans doute, les maitres du moment, auraient-ils d\u00fb \u00e9couter les conseils de S. Gsell, pour \u00e9viter que la pr\u00e9diction faite&nbsp; en 1831, par le Baron Lacu\u00e9e, ne se r\u00e9alisa un jour. Il pr\u00e9disait en effet \u00ab Tant que vous garderez Alger, vous serez constamment en guerre avec l\u2019Afrique. Quelquefois, cette guerre semblera se terminer, mais ces peuples ne vous ha\u00efront pas moins. Ce sera un feu mal \u00e9teint qui couvera sous la cendre et qui \u00e0 la premi\u00e8re occasion, \u00e9clatera en vaste incendie&nbsp;\u00bb.<\/p>\n\n\n\n<p>Le feu pour ne pas s\u2019\u00e9tendre, les Alg\u00e9riens contraints \u00e0 l\u2019exil, l\u2019emmen\u00e8rent avec eux dans les banlieues des villes d\u2019Alg\u00e9rie et de France, et veill\u00e8rent \u00e0 son entretien. Un autre feu allum\u00e9 en Europe par les Europ\u00e9ens eux-m\u00eames en 14-18, tout en consumant un grand nombre d\u2019Alg\u00e9riens jet\u00e9s dans le brasier, renfor\u00e7a dans l\u2019esprit des rescap\u00e9s que des horizons de tous les possibles existaient. Ecras\u00e9 et meurtri par la colonisation, le corps alg\u00e9rien n\u2019avait pas pour autant, succomb\u00e9. Il reprenait progressivement forme et force&nbsp;; il s\u2019\u00e9veillait de nouveau \u00e0 la vie.<\/p>\n\n\n\n<p>De cette guerre d\u2019Alg\u00e9rie, la France coloniale n\u2019en sortait pas particuli\u00e8rement grandie. Pour elle, pendant longtemps, le peuple alg\u00e9rien n\u2019avait pas d\u2019histoire et n\u2019\u00e9tait compos\u00e9 que de sous-hommes. Portant par sa d\u00e9termination et par son esprit de sacrifice, ce peuple mena contre elle, une guerre de lib\u00e9ration exemplaire, non seulement sur le territoire alg\u00e9rien m\u00eame, mais fait rarissime, sur le territoire fran\u00e7ais aussi. Cette guerre fait tomber six premiers ministres de la VI<sup>\u00e9me<\/sup> \u00ab&nbsp;R\u00e9publique et faillit provoquer la chute du g\u00e9n\u00e9ral De Gaulle et avec lui, la V<sup>\u00e9me<\/sup> R\u00e9publique&nbsp;\u00bb \u00ab&nbsp; C\u2019est un miracle que nous ne nous soyons pas effondr\u00e9s dans la guerre civile&nbsp;\u00bb d\u00e9clarait le 1<sup>er<\/sup> ministre Michel Debr\u00e9.<\/p>\n\n\n\n<p>En se d\u00e9sengageant de mani\u00e8re probl\u00e9matique de l\u2019Alg\u00e9rie, la France en avait fait payer le prix fort au peuple alg\u00e9rien bien s\u00fbr, mais elle avait mis aussi les pieds-noirs et les harkis dans une situation tragique.<\/p>\n\n\n\n<p>Pour ce qui est des jours de d\u00e9dicace, sauf avis de ta part, je propose le mardi 5 et le vendredi 8 novembre 2025.<\/p>\n","protected":false},"excerpt":{"rendered":"<p>Mardi 4 novembre Noureddine Benamara pr\u00e9sentera \u00ab&nbsp;Les Meknassas de l&rsquo;Ouarsenis&#8230;de la tribu \u00e0 l&rsquo;Alg\u00e9rie&nbsp;\u00bb. L\u2019auteur d\u00e9roule par un travail minutieusement document\u00e9 l\u2019origine de notre histoire allant de [&hellip;]<\/p>\n","protected":false},"author":1,"featured_media":0,"comment_status":"open","ping_status":"open","sticky":false,"template":"","format":"standard","meta":{"_monsterinsights_skip_tracking":false,"_monsterinsights_sitenote_active":false,"_monsterinsights_sitenote_note":"","_monsterinsights_sitenote_category":0,"footnotes":"","jetpack_publicize_message":"","jetpack_is_tweetstorm":false,"jetpack_publicize_feature_enabled":true},"categories":[1,163],"tags":[],"class_list":["post-8300","post","type-post","status-publish","format-standard","hentry","category-une","category-extrait"],"jetpack_publicize_connections":[],"jetpack_featured_media_url":"","_links":{"self":[{"href":"https:\/\/www.livrescq.com\/livrescq\/wp-json\/wp\/v2\/posts\/8300","targetHints":{"allow":["GET"]}}],"collection":[{"href":"https:\/\/www.livrescq.com\/livrescq\/wp-json\/wp\/v2\/posts"}],"about":[{"href":"https:\/\/www.livrescq.com\/livrescq\/wp-json\/wp\/v2\/types\/post"}],"author":[{"embeddable":true,"href":"https:\/\/www.livrescq.com\/livrescq\/wp-json\/wp\/v2\/users\/1"}],"replies":[{"embeddable":true,"href":"https:\/\/www.livrescq.com\/livrescq\/wp-json\/wp\/v2\/comments?post=8300"}],"version-history":[{"count":3,"href":"https:\/\/www.livrescq.com\/livrescq\/wp-json\/wp\/v2\/posts\/8300\/revisions"}],"predecessor-version":[{"id":8316,"href":"https:\/\/www.livrescq.com\/livrescq\/wp-json\/wp\/v2\/posts\/8300\/revisions\/8316"}],"wp:attachment":[{"href":"https:\/\/www.livrescq.com\/livrescq\/wp-json\/wp\/v2\/media?parent=8300"}],"wp:term":[{"taxonomy":"category","embeddable":true,"href":"https:\/\/www.livrescq.com\/livrescq\/wp-json\/wp\/v2\/categories?post=8300"},{"taxonomy":"post_tag","embeddable":true,"href":"https:\/\/www.livrescq.com\/livrescq\/wp-json\/wp\/v2\/tags?post=8300"}],"curies":[{"name":"wp","href":"https:\/\/api.w.org\/{rel}","templated":true}]}}