{"id":8304,"date":"2025-10-06T20:45:00","date_gmt":"2025-10-06T19:45:00","guid":{"rendered":"https:\/\/www.livrescq.com\/livrescq\/?p=8304"},"modified":"2025-10-26T21:32:27","modified_gmt":"2025-10-26T20:32:27","slug":"decouvrez-des-livres-au-stand-de-livrescq-tout-le-long-de-ce-28e-salon-international-du-livre-dalger-29-octobre-8-novembre-4","status":"publish","type":"post","link":"https:\/\/www.livrescq.com\/livrescq\/decouvrez-des-livres-au-stand-de-livrescq-tout-le-long-de-ce-28e-salon-international-du-livre-dalger-29-octobre-8-novembre-4\/","title":{"rendered":"D\u00e9couvrez des livres au stand de L&rsquo;ivrEscQ tout le long de ce 28e Salon International du livre d&rsquo;Alger (29 oct- 8 nov)"},"content":{"rendered":"\n<p><strong>Mercredi 5 novembre Arezki Annaris coordinateur d\u2019un ouvrage d\u2019un ouvrage collectif pr\u00e9sentera \u00ab&nbsp;<em>Hymne \u00e0 la solidarit\u00e9&nbsp;<\/em>\u00bb. &nbsp;<\/strong>&nbsp;<\/p>\n\n\n<div class=\"wp-block-image\">\n<figure class=\"alignright size-full is-resized\"><a href=\"https:\/\/www.livrescq.com\/livrescq\/wp-content\/uploads\/2025\/10\/ghkl.jpg\"><img loading=\"lazy\" decoding=\"async\" src=\"https:\/\/www.livrescq.com\/livrescq\/wp-content\/uploads\/2025\/10\/ghkl.jpg\" alt=\"\" class=\"wp-image-8305\" width=\"231\" height=\"337\" srcset=\"https:\/\/www.livrescq.com\/livrescq\/wp-content\/uploads\/2025\/10\/ghkl.jpg 576w, https:\/\/www.livrescq.com\/livrescq\/wp-content\/uploads\/2025\/10\/ghkl-205x300.jpg 205w\" sizes=\"auto, (max-width: 231px) 100vw, 231px\" \/><\/a><\/figure>\n<\/div>\n\n\n<p><strong>Pr\u00e9face&nbsp;:<\/strong><\/p>\n\n\n\n<p>Lorsque j\u2019ai appris que Mourad, le fondateur de Miss Kabylie, avait \u00e9t\u00e9 victime d\u2019un AVC en janvier 2024, j\u2019ai compris, comme beaucoup d\u2019autres, que c\u2019\u00e9tait un pilier de notre paysage culturel qui vacillait. M\u00eame sans le conna\u00eetre personnellement, son nom m\u2019\u00e9tait familier, associ\u00e9 \u00e0 un engagement constant en faveur de la culture, de la jeunesse, et de la valorisation de l\u2019identit\u00e9 kabyle. C\u2019est son ami, Annaris Arezki, qui a pris l\u2019initiative de faire vivre son histoire par l\u2019\u00e9criture. Il nous a sollicit\u00e9s, nous, auteurs et autrices, pour lui pr\u00eater nos mots, notre imagination, notre sensibilit\u00e9. L\u2019objectif \u00e9tait clair : retracer le parcours d\u2019un homme engag\u00e9, tout en insufflant \u00e0 ce r\u00e9cit collectif une dimension humaine, libre et litt\u00e9raire. Ce livre est n\u00e9 de cette volont\u00e9 partag\u00e9e. Celle de ne pas laisser le silence recouvrir l\u2019engagement. Celle de rendre hommage \u00e0 un homme qui, malgr\u00e9 l\u2019\u00e9preuve de la maladie, croit encore \u00e0 la puissance des id\u00e9es et \u00e0 la beaut\u00e9 du geste cr\u00e9atif. Mourad a autoris\u00e9 cette transmission, l\u2019a encourag\u00e9e m\u00eame, dans un geste d\u2019une grande humilit\u00e9. Chaque texte ici pr\u00e9sent est une pierre pos\u00e9e dans la m\u00e9moire d\u2019un combat. Ce n\u2019est pas une biographie au sens strict, mais un hommage pluriel. Un pont entre le r\u00e9el et l\u2019imaginaire. Une preuve que la solidarit\u00e9 peut prendre la forme de mots, et que l\u2019\u00e9criture peut, parfois, faire tenir debout. \u00c0 Mourad, que nous soutenons par la plume et par la pens\u00e9e.<\/p>\n","protected":false},"excerpt":{"rendered":"<p>Mercredi 5 novembre Arezki Annaris coordinateur d\u2019un ouvrage d\u2019un ouvrage collectif pr\u00e9sentera \u00ab&nbsp;Hymne \u00e0 la solidarit\u00e9&nbsp;\u00bb. &nbsp;&nbsp; Pr\u00e9face&nbsp;: Lorsque j\u2019ai appris que Mourad, le fondateur de Miss [&hellip;]<\/p>\n","protected":false},"author":1,"featured_media":0,"comment_status":"open","ping_status":"open","sticky":false,"template":"","format":"standard","meta":{"_monsterinsights_skip_tracking":false,"_monsterinsights_sitenote_active":false,"_monsterinsights_sitenote_note":"","_monsterinsights_sitenote_category":0,"footnotes":"","jetpack_publicize_message":"","jetpack_is_tweetstorm":false,"jetpack_publicize_feature_enabled":true},"categories":[1],"tags":[],"class_list":["post-8304","post","type-post","status-publish","format-standard","hentry","category-une"],"jetpack_publicize_connections":[],"jetpack_featured_media_url":"","_links":{"self":[{"href":"https:\/\/www.livrescq.com\/livrescq\/wp-json\/wp\/v2\/posts\/8304","targetHints":{"allow":["GET"]}}],"collection":[{"href":"https:\/\/www.livrescq.com\/livrescq\/wp-json\/wp\/v2\/posts"}],"about":[{"href":"https:\/\/www.livrescq.com\/livrescq\/wp-json\/wp\/v2\/types\/post"}],"author":[{"embeddable":true,"href":"https:\/\/www.livrescq.com\/livrescq\/wp-json\/wp\/v2\/users\/1"}],"replies":[{"embeddable":true,"href":"https:\/\/www.livrescq.com\/livrescq\/wp-json\/wp\/v2\/comments?post=8304"}],"version-history":[{"count":4,"href":"https:\/\/www.livrescq.com\/livrescq\/wp-json\/wp\/v2\/posts\/8304\/revisions"}],"predecessor-version":[{"id":8315,"href":"https:\/\/www.livrescq.com\/livrescq\/wp-json\/wp\/v2\/posts\/8304\/revisions\/8315"}],"wp:attachment":[{"href":"https:\/\/www.livrescq.com\/livrescq\/wp-json\/wp\/v2\/media?parent=8304"}],"wp:term":[{"taxonomy":"category","embeddable":true,"href":"https:\/\/www.livrescq.com\/livrescq\/wp-json\/wp\/v2\/categories?post=8304"},{"taxonomy":"post_tag","embeddable":true,"href":"https:\/\/www.livrescq.com\/livrescq\/wp-json\/wp\/v2\/tags?post=8304"}],"curies":[{"name":"wp","href":"https:\/\/api.w.org\/{rel}","templated":true}]}}