{"id":8318,"date":"2025-10-03T02:09:00","date_gmt":"2025-10-03T01:09:00","guid":{"rendered":"https:\/\/www.livrescq.com\/livrescq\/?p=8318"},"modified":"2025-10-27T02:15:29","modified_gmt":"2025-10-27T01:15:29","slug":"sila-2025","status":"publish","type":"post","link":"https:\/\/www.livrescq.com\/livrescq\/sila-2025\/","title":{"rendered":"SILA 2025"},"content":{"rendered":"<div class=\"wp-block-image\">\n<figure class=\"alignright size-full is-resized\"><a href=\"http:\/\/www.livrescq.com\/livrescq\/wp-content\/uploads\/2024\/05\/bb-1.jpg\"><img loading=\"lazy\" decoding=\"async\" src=\"http:\/\/www.livrescq.com\/livrescq\/wp-content\/uploads\/2024\/05\/bb-1.jpg\" alt=\"\" class=\"wp-image-8254\" width=\"250\" height=\"276\" srcset=\"https:\/\/www.livrescq.com\/livrescq\/wp-content\/uploads\/2024\/05\/bb-1.jpg 360w, https:\/\/www.livrescq.com\/livrescq\/wp-content\/uploads\/2024\/05\/bb-1-271x300.jpg 271w\" sizes=\"auto, (max-width: 250px) 100vw, 250px\" \/><\/a><\/figure>\n<\/div>\n\n\n<p>Le Salon International du Livre d\u2019Alger (SILA) est un rendez-vous important de la production litt\u00e9raire alg\u00e9rienne, il est en vrai que le SILA annonce les tons et les nuances en bruit de tambour de la rentr\u00e9e litt\u00e9raire pour promouvoir les livres publi\u00e9s principalement en Alg\u00e9rie. Car en dehors de cet \u00e9v\u00e8nement, le livre demeure quasi absent de notre quotidien, de nos d\u00e9bats, de nos \u00e9changes.<\/p>\n\n\n\n<p>De surcro\u00eet, nous n\u2019avons pas r\u00e9ellement le chiffre exact de nouvelles parutions (roman, essai, t\u00e9moignage, bande dessin\u00e9e\u2026), encore moins le nombre des tirages, des ouvrages vendus, des invendus en stock ou au pilori. Editeurs et auteurs n\u2019en communiquent presque pas. A croire que c\u2019est tabou d\u2019\u00e9taler les v\u00e9ritables chiffres nous permettant l\u2019expertise d\u2019un tel pr\u00e9cieux apport culturel. Nous n\u2019avons pas les figures marquantes des ann\u00e9es pr\u00e9c\u00e9dentes. Nous n\u2019avons pas le recul pour savoir quels th\u00e8mes favoris ch\u00e9rissent nos auteurs, et dans quelles langues allons-nous inscrire le patrimoine litt\u00e9raire dans les prochaines ann\u00e9es en anglais&nbsp;? En tamazigh&nbsp;? En espagnol&nbsp;? En italien&nbsp;? Somme toute la vis\u00e9e s\u2019aiguise et s\u2019oriente dans ce sens. N\u00e9anmoins, ne perdons pas de vue l\u2019ambiance jouissive du SILA qui demeure une bouff\u00e9e d\u2019oxyg\u00e8ne pour les auteurs et les fans des livres. Car pour eux, la lecture est une pratique, une discipline, c\u2019est une musculature de l\u2019esprit. Elle renforce la m\u00e9moire. Elle stimule la r\u00e9flexion autant qu\u2019elle enchante l\u2019\u00e2me. Les voyages livresques sont de v\u00e9ritables plaisirs cognitifs.<\/p>\n\n\n\n<p>Les organisateurs de cette 28<sup>\u00e8me<\/sup> \u00e9dition, en chef d\u2019orchestre Iguerb \u2013Commissaire du SILA et son staff-, soulignent la n\u00e9cessit\u00e9 d\u2019accompagner le Prix du premier roman visant le prix des primo-auteurs ne d\u00e9passant pas les 35 ans. L\u2019IA et la cr\u00e9ation litt\u00e9raire, deux th\u00e8mes \u00e9minemment retenus dans le programme. Tout comme la litt\u00e9rature jeunesse sans oublier la litt\u00e9rature enfantine. Les livres d\u2019Histoire restent en exergue comme chaque rentr\u00e9e litt\u00e9raire.<\/p>\n\n\n\n<p>S\u00e9rieusement, la base de toute la Culture est le texte. Que valent nos textes&nbsp;contemporains ? Avons-nous des Pessoa&nbsp;? Des Rimbaud&nbsp;? Des Morrison&nbsp;? En fait, nous m\u00e9connaissons tout de qui \u00e9crit quoi. La machine de promotion est dysfonctionnelle. &nbsp;Je dirais m\u00eame que le livre qui sillonnera \u00e0 travers l\u2019histoire n\u2019est s\u00fbrement une relation de bons copinages, mais plut\u00f4t la puissance, la teneur, le style, l\u2019apport d\u2019un texte\u2026 O\u00f9 sommes-nous avec la critique litt\u00e9raire&nbsp;? Qu\u2019avons-nous gard\u00e9&nbsp;? Certains \u00e9minents auteurs se demandent s\u2019il ne serait pas plus sage de quitter la table \u00e9vinc\u00e9s par l\u2019IA \u2013 Toquade oblige&nbsp;!<\/p>\n\n\n\n<p>Gr\u00e2ce \u00e0 ce salon du livre d\u2019Alger, nous reviendrons immanquablement avec les derni\u00e8res tendances et actualit\u00e9s du monde de l\u2019\u00e9dition. Sur les derni\u00e8res plateformes de promotion livresque. Sur des livres format papier et format num\u00e9rique, car l\u2019app\u00e9tence dans le scroll se veut avidement gloutonne. Seulement quand on sait que le produit physique se caract\u00e9rise au premier abord par sa vocation commerciale, le choix entre le livre papier et le livre num\u00e9rique demeure \u00e9pineux chez les maillons des livres.<\/p>\n\n\n\n<p>Au stand de <em>L\u2019ivrEscQ<\/em> des \u00e9crivains de toutes tendances confondues seront l\u00e0 avec des extraits de leurs ouvrages pour l\u2019amour des textes, rapprochez-vous de notre stand&nbsp;si vous \u00eates \u00e9pris des lectures de texte et signatures !<\/p>\n\n\n\n<p>Bon Salon \u00e0 tous&nbsp;!<\/p>\n","protected":false},"excerpt":{"rendered":"<p>Le Salon International du Livre d\u2019Alger (SILA) est un rendez-vous important de la production litt\u00e9raire alg\u00e9rienne, il est en vrai que le SILA annonce les tons et [&hellip;]<\/p>\n","protected":false},"author":1,"featured_media":0,"comment_status":"open","ping_status":"open","sticky":false,"template":"","format":"standard","meta":{"_monsterinsights_skip_tracking":false,"_monsterinsights_sitenote_active":false,"_monsterinsights_sitenote_note":"","_monsterinsights_sitenote_category":0,"footnotes":"","jetpack_publicize_message":"","jetpack_is_tweetstorm":false,"jetpack_publicize_feature_enabled":true},"categories":[7,115],"tags":[],"class_list":["post-8318","post","type-post","status-publish","format-standard","hentry","category-au-fil-des-pages","category-editoriaux"],"jetpack_publicize_connections":[],"jetpack_featured_media_url":"","_links":{"self":[{"href":"https:\/\/www.livrescq.com\/livrescq\/wp-json\/wp\/v2\/posts\/8318","targetHints":{"allow":["GET"]}}],"collection":[{"href":"https:\/\/www.livrescq.com\/livrescq\/wp-json\/wp\/v2\/posts"}],"about":[{"href":"https:\/\/www.livrescq.com\/livrescq\/wp-json\/wp\/v2\/types\/post"}],"author":[{"embeddable":true,"href":"https:\/\/www.livrescq.com\/livrescq\/wp-json\/wp\/v2\/users\/1"}],"replies":[{"embeddable":true,"href":"https:\/\/www.livrescq.com\/livrescq\/wp-json\/wp\/v2\/comments?post=8318"}],"version-history":[{"count":3,"href":"https:\/\/www.livrescq.com\/livrescq\/wp-json\/wp\/v2\/posts\/8318\/revisions"}],"predecessor-version":[{"id":8322,"href":"https:\/\/www.livrescq.com\/livrescq\/wp-json\/wp\/v2\/posts\/8318\/revisions\/8322"}],"wp:attachment":[{"href":"https:\/\/www.livrescq.com\/livrescq\/wp-json\/wp\/v2\/media?parent=8318"}],"wp:term":[{"taxonomy":"category","embeddable":true,"href":"https:\/\/www.livrescq.com\/livrescq\/wp-json\/wp\/v2\/categories?post=8318"},{"taxonomy":"post_tag","embeddable":true,"href":"https:\/\/www.livrescq.com\/livrescq\/wp-json\/wp\/v2\/tags?post=8318"}],"curies":[{"name":"wp","href":"https:\/\/api.w.org\/{rel}","templated":true}]}}