{"id":8323,"date":"2025-10-04T17:41:00","date_gmt":"2025-10-04T16:41:00","guid":{"rendered":"https:\/\/www.livrescq.com\/livrescq\/?p=8323"},"modified":"2025-10-27T18:12:02","modified_gmt":"2025-10-27T17:12:02","slug":"decouvrez-des-livres-tout-le-long-de-ce-28e-salon-international-du-livre-dalger-29-oct-8-nov-au-stand-de-livrescq","status":"publish","type":"post","link":"https:\/\/www.livrescq.com\/livrescq\/decouvrez-des-livres-tout-le-long-de-ce-28e-salon-international-du-livre-dalger-29-oct-8-nov-au-stand-de-livrescq\/","title":{"rendered":"D\u00e9couvrez des livres tout le long de ce 28e Salon International du livre d&rsquo;Alger (29 oct-\u00a08\u00a0nov), au stand de L&rsquo;ivrEscQ"},"content":{"rendered":"\n<p>Vendredi 7 novembre nous recevrons Adila Katia autour de \u00ab L\u2019impossible oubli (ouvrage collectif) \u00bb.<\/p>\n\n\n<div class=\"wp-block-image\">\n<figure class=\"alignright size-full is-resized\"><a href=\"https:\/\/www.livrescq.com\/livrescq\/wp-content\/uploads\/2025\/10\/WhatsApp-Image-2025-10-27-at-12.14.42.jpg\"><img loading=\"lazy\" decoding=\"async\" src=\"https:\/\/www.livrescq.com\/livrescq\/wp-content\/uploads\/2025\/10\/WhatsApp-Image-2025-10-27-at-12.14.42.jpg\" alt=\"\" class=\"wp-image-8325\" width=\"302\" height=\"460\" srcset=\"https:\/\/www.livrescq.com\/livrescq\/wp-content\/uploads\/2025\/10\/WhatsApp-Image-2025-10-27-at-12.14.42.jpg 576w, https:\/\/www.livrescq.com\/livrescq\/wp-content\/uploads\/2025\/10\/WhatsApp-Image-2025-10-27-at-12.14.42-197x300.jpg 197w\" sizes=\"auto, (max-width: 302px) 100vw, 302px\" \/><\/a><\/figure>\n<\/div>\n\n\n<p><\/p>\n\n\n\n<p><strong>AVANT-PROPOS<\/strong><\/p>\n\n\n\n<p>Au fil des pages de cet ouvrage, je vous invite \u00e0 plonger dans l\u2019univers souvent m\u00e9connu des naufrag\u00e9s en mer, notamment celui des harragas, ces jeunes qui, pouss\u00e9s par l\u2019espoir d\u2019un avenir meilleur, risquent leur vie en empruntant des chemins p\u00e9rilleux. \u00c0 travers ces histoires, nous souhaitons sensibiliser chacun d\u2019entre vous \u00e0 la fragilit\u00e9 de ces destins, \u00e0 la pr\u00e9carit\u00e9 qui pousse certains \u00e0 braver les dangers de la mer ou des routes, au m\u00e9pris du danger et des lois.<br>Ce recueil est un appel \u00e0 la r\u00e9flexion : avant de prendre une d\u00e9cision qui pourrait changer une vie. Pensons \u00e0 ceux qui restent, \u00e0 leur famille, \u00e0 leur avenir. La vie est pr\u00e9cieuse, et chaque choix doit \u00eatre m\u00fbrement r\u00e9fl\u00e9chi, dans le respect de soi et des autres.<br>Que ces r\u00e9cits vous inspirent une conscience plus profonde et une empathie sinc\u00e8re pour ceux qui, en qu\u00eate d\u2019un avenir, risquent tout, souvent sans en conna\u00eetre toutes les cons\u00e9quences et au p\u00e9ril de leurs vies\u2026<\/p>\n\n\n\n<p><strong><em>&nbsp;<\/em><\/strong><strong><em>Pr\u00e9face<\/em><\/strong><\/p>\n\n\n\n<p><em>&nbsp;<\/em><em>Tout silence raconte une histoire<\/em><em>.&nbsp;&nbsp;<\/em><em>Et chaque absence, r\u00e9v\u00e8le une pr\u00e9sence \u00e9crasante qui ne cesse de hanter<\/em><em>.&nbsp;<\/em><em>Ce livre est n\u00e9 de la douleur, de l\u2019attente et de l\u2019espoir qui refuse de mourir, m\u00eame quand tout semble perdu. C\u2019est une travers\u00e9e entre les eaux calmes et d\u00e9cha\u00een\u00e9es de la vie, o\u00f9 chaque vague emporte un \u00eatre cher, et chaque rivage promet<\/em><em>tant<\/em><em>&nbsp;un retour qui n\u2019arrive jamais.<\/em><\/p>\n\n\n\n<p><em>Ce n\u2019est pas seulement la mer qui nous a pris ceux que nous aimions. C\u2019est aussi l\u2019exil, cet horizon lointain o\u00f9 tant de r\u00eaves se brisent. Certains s\u2019en sortent, mais ne reviennent jamais. Ils s\u2019\u00e9loignent, disparaissent dans un monde \u00e9tranger, laissant derri\u00e8re eux des familles, des souvenirs, des promesses non tenues. Leurs visages sont encore l\u00e0, dans nos c\u0153urs, mais leurs voix se sont tues, perdant le chemin du retour.<\/em><\/p>\n\n\n\n<p><em>Nous avons tous, quelque part, attendu un \u00eatre aim\u00e9, esp\u00e9r\u00e9 une r\u00e9conciliation, ou cherch\u00e9 un signe de vie. Ce livre est d\u00e9di\u00e9 \u00e0 ces \u00e2mes courageuses, ces m\u00e8res, ces p\u00e8res et ces enfants, qui, dans le silence assourdissant des disparitions et des exils, continuent de veiller. C\u2019est un hommage \u00e0 ceux qui vivent avec l\u2019espoir comme seule lumi\u00e8re dans la nuit.<\/em><\/p>\n\n\n\n<p><em>Le voyage que vous vous appr\u00eatez \u00e0 entreprendre n\u2019est pas facile. Il est rempli de larmes, de souvenirs et de questions sans r\u00e9ponse. Mais il est aussi une ode \u00e0 la r\u00e9silience, \u00e0 la force de l\u2019amour et \u00e0 cette foi in\u00e9branlable qui garde les c\u0153urs en vie, m\u00eame lorsque le corps est bris\u00e9.<\/em><\/p>\n\n\n\n<p><em>P\u00e9n\u00e9trez<\/em><em>&nbsp;dans ces pages&nbsp;<\/em><em>o\u00f9 chaque mot<\/em><em>&nbsp;est un murmure d\u2019\u00e2me, chaque r\u00e9cit une pri\u00e8re silencieuse. Ensemble, parcourons ces histoires, et donnons voix \u00e0 ceux que la mer et l\u2019exil ont pris, mais que l\u2019oubli n\u2019aura jamais.<\/em><\/p>\n\n\n\n<p><em>Saliha Ragad\/<\/em><em><\/em><\/p>\n\n\n\n<p><em>Alias Khalice Jade<\/em><em><\/em><\/p>\n\n\n\n<p><em>Alger, le 11\u00a0oct.2024<\/em><\/p>\n\n\n\n<figure class=\"wp-block-image size-large\"><a href=\"https:\/\/www.livrescq.com\/livrescq\/wp-content\/uploads\/2025\/10\/ADILA-KATIA-Ouvrage-bat-scaled.jpg\"><img loading=\"lazy\" decoding=\"async\" width=\"1024\" height=\"750\" src=\"https:\/\/www.livrescq.com\/livrescq\/wp-content\/uploads\/2025\/10\/ADILA-KATIA-Ouvrage-bat-1024x750.jpg\" alt=\"\" class=\"wp-image-8326\" srcset=\"https:\/\/www.livrescq.com\/livrescq\/wp-content\/uploads\/2025\/10\/ADILA-KATIA-Ouvrage-bat-1024x750.jpg 1024w, https:\/\/www.livrescq.com\/livrescq\/wp-content\/uploads\/2025\/10\/ADILA-KATIA-Ouvrage-bat-300x220.jpg 300w, https:\/\/www.livrescq.com\/livrescq\/wp-content\/uploads\/2025\/10\/ADILA-KATIA-Ouvrage-bat-768x563.jpg 768w, https:\/\/www.livrescq.com\/livrescq\/wp-content\/uploads\/2025\/10\/ADILA-KATIA-Ouvrage-bat-1536x1125.jpg 1536w, https:\/\/www.livrescq.com\/livrescq\/wp-content\/uploads\/2025\/10\/ADILA-KATIA-Ouvrage-bat-2048x1501.jpg 2048w\" sizes=\"auto, (max-width: 1024px) 100vw, 1024px\" \/><\/a><\/figure>\n","protected":false},"excerpt":{"rendered":"<p>Vendredi 7 novembre nous recevrons Adila Katia autour de \u00ab L\u2019impossible oubli (ouvrage collectif) \u00bb. AVANT-PROPOS Au fil des pages de cet ouvrage, je vous invite \u00e0 [&hellip;]<\/p>\n","protected":false},"author":1,"featured_media":0,"comment_status":"open","ping_status":"open","sticky":false,"template":"","format":"standard","meta":{"_monsterinsights_skip_tracking":false,"_monsterinsights_sitenote_active":false,"_monsterinsights_sitenote_note":"","_monsterinsights_sitenote_category":0,"footnotes":"","jetpack_publicize_message":"","jetpack_is_tweetstorm":false,"jetpack_publicize_feature_enabled":true},"categories":[1],"tags":[],"class_list":["post-8323","post","type-post","status-publish","format-standard","hentry","category-une"],"jetpack_publicize_connections":[],"jetpack_featured_media_url":"","_links":{"self":[{"href":"https:\/\/www.livrescq.com\/livrescq\/wp-json\/wp\/v2\/posts\/8323","targetHints":{"allow":["GET"]}}],"collection":[{"href":"https:\/\/www.livrescq.com\/livrescq\/wp-json\/wp\/v2\/posts"}],"about":[{"href":"https:\/\/www.livrescq.com\/livrescq\/wp-json\/wp\/v2\/types\/post"}],"author":[{"embeddable":true,"href":"https:\/\/www.livrescq.com\/livrescq\/wp-json\/wp\/v2\/users\/1"}],"replies":[{"embeddable":true,"href":"https:\/\/www.livrescq.com\/livrescq\/wp-json\/wp\/v2\/comments?post=8323"}],"version-history":[{"count":2,"href":"https:\/\/www.livrescq.com\/livrescq\/wp-json\/wp\/v2\/posts\/8323\/revisions"}],"predecessor-version":[{"id":8327,"href":"https:\/\/www.livrescq.com\/livrescq\/wp-json\/wp\/v2\/posts\/8323\/revisions\/8327"}],"wp:attachment":[{"href":"https:\/\/www.livrescq.com\/livrescq\/wp-json\/wp\/v2\/media?parent=8323"}],"wp:term":[{"taxonomy":"category","embeddable":true,"href":"https:\/\/www.livrescq.com\/livrescq\/wp-json\/wp\/v2\/categories?post=8323"},{"taxonomy":"post_tag","embeddable":true,"href":"https:\/\/www.livrescq.com\/livrescq\/wp-json\/wp\/v2\/tags?post=8323"}],"curies":[{"name":"wp","href":"https:\/\/api.w.org\/{rel}","templated":true}]}}