{"id":8438,"date":"2026-03-09T22:11:18","date_gmt":"2026-03-09T21:11:18","guid":{"rendered":"https:\/\/www.livrescq.com\/livrescq\/?p=8438"},"modified":"2026-03-09T23:23:39","modified_gmt":"2026-03-09T22:23:39","slug":"la-caravane-de-la-poesie-traversee-poetique-signee-livrescq%ef%bf%bc","status":"publish","type":"post","link":"https:\/\/www.livrescq.com\/livrescq\/la-caravane-de-la-poesie-traversee-poetique-signee-livrescq%ef%bf%bc\/","title":{"rendered":"La Caravane de la Po\u00e9sie II : Travers\u00e9e po\u00e9tique sign\u00e9e L\u2019ivrEscQ"},"content":{"rendered":"\n<p style=\"font-size:16px\"><strong><em>Puisque la po\u00e9sie est l&rsquo;architecture de l&rsquo;espoir, nous n&rsquo;avons pas le droit de d\u00e9sesp\u00e9rer des sources.<\/em><\/strong> <em>Jean S\u00e9nac<\/em><\/p>\n\n\n<div class=\"wp-block-image\">\n<figure class=\"alignright size-large is-resized\"><a href=\"https:\/\/www.livrescq.com\/livrescq\/wp-content\/uploads\/2026\/03\/WhatsApp-Image-2026-03-09-at-21.59.53-3.jpeg\"><img loading=\"lazy\" decoding=\"async\" src=\"https:\/\/www.livrescq.com\/livrescq\/wp-content\/uploads\/2026\/03\/WhatsApp-Image-2026-03-09-at-21.59.53-3-1024x1024.jpeg\" alt=\"\" class=\"wp-image-8472\" width=\"324\" height=\"324\" srcset=\"https:\/\/www.livrescq.com\/livrescq\/wp-content\/uploads\/2026\/03\/WhatsApp-Image-2026-03-09-at-21.59.53-3-1024x1024.jpeg 1024w, https:\/\/www.livrescq.com\/livrescq\/wp-content\/uploads\/2026\/03\/WhatsApp-Image-2026-03-09-at-21.59.53-3-300x300.jpeg 300w, https:\/\/www.livrescq.com\/livrescq\/wp-content\/uploads\/2026\/03\/WhatsApp-Image-2026-03-09-at-21.59.53-3-150x150.jpeg 150w, https:\/\/www.livrescq.com\/livrescq\/wp-content\/uploads\/2026\/03\/WhatsApp-Image-2026-03-09-at-21.59.53-3-768x768.jpeg 768w, https:\/\/www.livrescq.com\/livrescq\/wp-content\/uploads\/2026\/03\/WhatsApp-Image-2026-03-09-at-21.59.53-3.jpeg 1080w\" sizes=\"auto, (max-width: 324px) 100vw, 324px\" \/><\/a><\/figure>\n<\/div>\n\n\n<p>Dans sa vocation de promotion des \u00e9crits d\u2019auteurs, le magazine <strong><em>L\u2019ivrEscQ <\/em><\/strong>a lanc\u00e9 la premi\u00e8re \u00e9dition de <strong><em>La Caravane de la po\u00e9sie<\/em><\/strong> sous le th\u00e8me <strong><em>L\u2019Heure du po\u00e8me<\/em><\/strong>. Ce rendez-vous litt\u00e9raire, qui s\u2019inscrit dans les Forums de<strong><em> L\u2019ivrEscQ<\/em><\/strong>, a r\u00e9uni des passionn\u00e9s d&rsquo;\u00e9criture et de lecture autour d&rsquo;une pluralit\u00e9 linguistique, faisant vibrer les rimes dans les trois langues : arabe ou <em>darja<\/em>, fran\u00e7ais et amazigh comme un \u00e9cho aux racines du temps.<\/p>\n\n\n\n<p>Une occasion privil\u00e9gi\u00e9e de red\u00e9couvrir l&rsquo;apport essentiel de la po\u00e9sie \u00e0 nos \u00e9critures contemporaines. Parmi les voix prestigieuses ayant port\u00e9 ces textes, v\u00e9ritables passeurs de lumi\u00e8re, nous comptons l&rsquo;invit\u00e9 d&rsquo;honneur Kaddour M&rsquo;hamsadji, ainsi que les po\u00e8tes Zineb Laouedj, Ali El Hadj Tahar, Hanifa Hamouche, Khadra Latr\u00e8che, Malika Tablit, Fouzia Laradi, Saida Otmane-Tolba, et bien d&rsquo;autres talents venus exalter leur part de ciel.<\/p>\n\n\n\n<p>Afin d\u2019ancrer cet \u00e9v\u00e9nement, le p\u00e9renniser et r\u00e9v\u00e9ler des voix po\u00e9tiques encore enfouies dans le secret des pages, <strong><em>La Caravane de la po\u00e9sie<\/em><\/strong> entame son deuxi\u00e8me round avec un projet ambitieux : la publication d&rsquo;une anthologie port\u00e9e par <strong><em>L\u2019ivrEscQ<\/em><\/strong>. Ce recueil vise \u00e0 faire \u00e9clore un horizon po\u00e9tique contemporain tout en mettant en exergue la beaut\u00e9 et la profondeur des textes de nos auteurs, tels des joyaux cisel\u00e9s \u00e0 l\u2019\u00e8re des saisons.<\/p>\n\n\n\n<p><strong>Appel \u00e0 textes \u2013 Anthologie 2026 \u00ab LE SENS DE LA VIE \u00bb<\/strong><\/p>\n\n\n\n<p>Quelle qu\u00eate donnons-nous \u00e0 notre existence ? Qu\u2019est-ce qui nous \u00e9l\u00e8ve, nous transcende ou nous transforme ? Pour ce nouveau voyage, la Caravane recherche des voix poignantes, libres et profondes. Nous invitons les auteurs \u00e0 soumettre des po\u00e8mes questionnant l\u2019existence, des textes qui traversent le temps et des \u00e9critures qui osent la faconde pour dire l&rsquo;ineffable.&nbsp;<\/p>\n\n\n\n<p>Par cet appel, <strong><em>L\u2019ivrEscQ<\/em><\/strong> ouvre grand les portes de son anthologie : saisissez votre plume pour sculpter l&rsquo;insondable et offrir votre vis\u00e9e au sens de la vie.<\/p>\n\n\n\n<ul class=\"wp-block-list\"><li>Souvenez-vous de la 1<sup>\u00e8re<\/sup> \u00e9dition de <strong><em>La Caravane de la po\u00e9sie <\/em><\/strong>via le lien\u00a0: <a href=\"https:\/\/www.youtube.com\/watch?v=k5le_xEZz5Y&amp;t=2s\">https:\/\/www.youtube.com\/watch?v=k5le_xEZz5Y&amp;t=2s<\/a><\/li><\/ul>\n\n\n<div class=\"wp-block-image\">\n<figure class=\"aligncenter size-large is-resized\"><a href=\"https:\/\/www.livrescq.com\/livrescq\/wp-content\/uploads\/2026\/03\/l.de-minuit_Plan-de-travail-1-scaled.jpg\"><img loading=\"lazy\" decoding=\"async\" src=\"https:\/\/www.livrescq.com\/livrescq\/wp-content\/uploads\/2026\/03\/l.de-minuit_Plan-de-travail-1-694x1024.jpg\" alt=\"\" class=\"wp-image-8439\" width=\"474\" height=\"698\" srcset=\"https:\/\/www.livrescq.com\/livrescq\/wp-content\/uploads\/2026\/03\/l.de-minuit_Plan-de-travail-1-694x1024.jpg 694w, https:\/\/www.livrescq.com\/livrescq\/wp-content\/uploads\/2026\/03\/l.de-minuit_Plan-de-travail-1-203x300.jpg 203w\" sizes=\"auto, (max-width: 474px) 100vw, 474px\" \/><\/a><\/figure>\n<\/div>\n\n<div class=\"wp-block-image\">\n<figure class=\"aligncenter size-large is-resized\"><a href=\"https:\/\/www.livrescq.com\/livrescq\/wp-content\/uploads\/2026\/03\/affiche-FinalLLLLL-01.jpg\"><img loading=\"lazy\" decoding=\"async\" src=\"https:\/\/www.livrescq.com\/livrescq\/wp-content\/uploads\/2026\/03\/affiche-FinalLLLLL-01-1024x768.jpg\" alt=\"\" class=\"wp-image-8440\" width=\"475\" height=\"356\" srcset=\"https:\/\/www.livrescq.com\/livrescq\/wp-content\/uploads\/2026\/03\/affiche-FinalLLLLL-01-1024x768.jpg 1024w, https:\/\/www.livrescq.com\/livrescq\/wp-content\/uploads\/2026\/03\/affiche-FinalLLLLL-01-300x225.jpg 300w, https:\/\/www.livrescq.com\/livrescq\/wp-content\/uploads\/2026\/03\/affiche-FinalLLLLL-01-768x576.jpg 768w, https:\/\/www.livrescq.com\/livrescq\/wp-content\/uploads\/2026\/03\/affiche-FinalLLLLL-01-1536x1152.jpg 1536w, https:\/\/www.livrescq.com\/livrescq\/wp-content\/uploads\/2026\/03\/affiche-FinalLLLLL-01-2048x1536.jpg 2048w\" sizes=\"auto, (max-width: 475px) 100vw, 475px\" \/><\/a><\/figure>\n<\/div>","protected":false},"excerpt":{"rendered":"<p>Puisque la po\u00e9sie est l&rsquo;architecture de l&rsquo;espoir, nous n&rsquo;avons pas le droit de d\u00e9sesp\u00e9rer des sources. Jean S\u00e9nac Dans sa vocation de promotion des \u00e9crits d\u2019auteurs, le [&hellip;]<\/p>\n","protected":false},"author":1,"featured_media":0,"comment_status":"open","ping_status":"open","sticky":false,"template":"","format":"standard","meta":{"_monsterinsights_skip_tracking":false,"_monsterinsights_sitenote_active":false,"_monsterinsights_sitenote_note":"","_monsterinsights_sitenote_category":0,"footnotes":"","jetpack_publicize_message":"","jetpack_is_tweetstorm":false,"jetpack_publicize_feature_enabled":true},"categories":[1,117,7],"tags":[],"class_list":["post-8438","post","type-post","status-publish","format-standard","hentry","category-une","category-actuel","category-au-fil-des-pages"],"jetpack_publicize_connections":[],"jetpack_featured_media_url":"","_links":{"self":[{"href":"https:\/\/www.livrescq.com\/livrescq\/wp-json\/wp\/v2\/posts\/8438","targetHints":{"allow":["GET"]}}],"collection":[{"href":"https:\/\/www.livrescq.com\/livrescq\/wp-json\/wp\/v2\/posts"}],"about":[{"href":"https:\/\/www.livrescq.com\/livrescq\/wp-json\/wp\/v2\/types\/post"}],"author":[{"embeddable":true,"href":"https:\/\/www.livrescq.com\/livrescq\/wp-json\/wp\/v2\/users\/1"}],"replies":[{"embeddable":true,"href":"https:\/\/www.livrescq.com\/livrescq\/wp-json\/wp\/v2\/comments?post=8438"}],"version-history":[{"count":30,"href":"https:\/\/www.livrescq.com\/livrescq\/wp-json\/wp\/v2\/posts\/8438\/revisions"}],"predecessor-version":[{"id":8477,"href":"https:\/\/www.livrescq.com\/livrescq\/wp-json\/wp\/v2\/posts\/8438\/revisions\/8477"}],"wp:attachment":[{"href":"https:\/\/www.livrescq.com\/livrescq\/wp-json\/wp\/v2\/media?parent=8438"}],"wp:term":[{"taxonomy":"category","embeddable":true,"href":"https:\/\/www.livrescq.com\/livrescq\/wp-json\/wp\/v2\/categories?post=8438"},{"taxonomy":"post_tag","embeddable":true,"href":"https:\/\/www.livrescq.com\/livrescq\/wp-json\/wp\/v2\/tags?post=8438"}],"curies":[{"name":"wp","href":"https:\/\/api.w.org\/{rel}","templated":true}]}}